{"id":744,"date":"2021-06-02T14:37:13","date_gmt":"2021-06-02T14:37:13","guid":{"rendered":"https:\/\/aliancapelavida.com.br\/floripa\/?p=744"},"modified":"2021-06-02T14:44:44","modified_gmt":"2021-06-02T14:44:44","slug":"hospital-celso-ramos-recebe-doacoes-da-iniciativa-alianca-pela-vida-2","status":"publish","type":"post","link":"https:\/\/aliancapelavida.com.br\/floripa\/2021\/06\/02\/hospital-celso-ramos-recebe-doacoes-da-iniciativa-alianca-pela-vida-2\/","title":{"rendered":"Alian\u00e7a Pela Vida prorroga servi\u00e7os at\u00e9 o fim de junho"},"content":{"rendered":"\t\t<div data-elementor-type=\"wp-post\" data-elementor-id=\"744\" class=\"elementor elementor-744\">\n\t\t\t\t\t\t<section class=\"elementor-section elementor-top-section elementor-element elementor-element-107d3345 elementor-section-boxed elementor-section-height-default elementor-section-height-default\" data-id=\"107d3345\" data-element_type=\"section\">\n\t\t\t\t\t\t<div class=\"elementor-container elementor-column-gap-default\">\n\t\t\t\t\t<div class=\"elementor-column elementor-col-100 elementor-top-column elementor-element elementor-element-9300d05\" data-id=\"9300d05\" data-element_type=\"column\">\n\t\t\t<div class=\"elementor-widget-wrap elementor-element-populated\">\n\t\t\t\t\t\t<div class=\"elementor-element elementor-element-23c8da05 elementor-widget elementor-widget-text-editor\" data-id=\"23c8da05\" data-element_type=\"widget\" data-widget_type=\"text-editor.default\">\n\t\t\t\t<div class=\"elementor-widget-container\">\n\t\t\t\t\t\t\t\t\t<h5 class=\"artigo-resumo\">Desde o fim de mar\u00e7o, s\u00e3o cerca de 4,3 mil atendimentos na Grande Florian\u00f3polis<\/h5><p>\u00a0<\/p><div><p style=\"margin-bottom: 10px; color: #333333; font-family: 'Helvetica Neue', Helvetica, Arial, sans-serif; font-size: 14px; font-style: normal; font-weight: 400;\"><span style=\"font-size: 18px;\">Implantado no final de mar\u00e7o deste ano, com recursos exclusivamente da iniciativa privada, o servi\u00e7o Alian\u00e7a Pela Vida \u00e9 um refor\u00e7o no combate \u00e0 Covid-19 na Grande Florian\u00f3polis. Tanto que foi prorrogado por mais 30 dias, estendendo-se at\u00e9 o fim de junho. Trata-se de atendimentos gratuitos &#8211; que j\u00e1 somam cerca de 4,3 mil &#8211; via telemedicina exames e encaminhamentos a unidades de sa\u00fade. Tudo gratuitamente e acess\u00edvel pelo telefone 0800 402 000.<\/span><\/p><p style=\"margin-bottom: 10px; color: #333333; font-family: 'Helvetica Neue', Helvetica, Arial, sans-serif; font-size: 14px; font-style: normal; font-weight: 400;\"><span style=\"font-size: 18px;\">A decis\u00e3o por mais um m\u00eas n\u00e3o \u00e9 \u00e0 toa. &#8220;O trabalho tem dado certo e auxiliado o sistema de sa\u00fade a evitar o colapso da falta de leitos&#8221;, afirma o presidente do Sinduscon Grande Florian\u00f3polis, Marco Aur\u00e9lio Alberton. De acordo com o diretor m\u00e9dico da Help Emerg\u00eancias M\u00e9dicas, Gustavo Ayala, &#8220;o Alian\u00e7a Pela Vida consiste em diminuir a transmiss\u00e3o do v\u00edrus, melhorar os sintomas, reduzir a atividade inflamat\u00f3ria, tratar infec\u00e7\u00e3o pulmonar secund\u00e1ria, prevenir eventos tromb\u00f3ticos e tratar hipoxemia silenciosa&#8221;. A empresa foi contratada para o servi\u00e7o.<\/span><\/p><p style=\"margin-bottom: 10px; color: #333333; font-family: 'Helvetica Neue', Helvetica, Arial, sans-serif; font-size: 14px; font-style: normal; font-weight: 400;\"><span style=\"font-size: 18px;\">At\u00e9 agora foram arrecadados cerca de R$ 4,5 milh\u00f5es para a iniciativa, que tamb\u00e9m fez doa\u00e7\u00f5es de aproximadamente R$ 200 mil ao Hospital Universit\u00e1rio e ao Hospital Celso Ramos, em Florian\u00f3polis.<\/span><\/p><p style=\"margin-bottom: 10px; color: #333333; font-family: 'Helvetica Neue', Helvetica, Arial, sans-serif; font-size: 14px; font-style: normal; font-weight: 400;\"><span style=\"font-size: 18px;\">A for\u00e7a-tarefa une, al\u00e9m do Sinduscon Grande Florian\u00f3polis, a Associa\u00e7\u00e3o Empresarial de Florian\u00f3polis (ACIF), a C\u00e2mara de Dirigentes Lojistas de Florian\u00f3polis (CDL), a empresa Engie Brasil Energia, a Associa\u00e7\u00e3o Catarinense de Tecnologia (Acate), a Associa\u00e7\u00e3o Empresarial da Regi\u00e3o Metropolitana de Florian\u00f3polis (Aemflo), a C\u00e2mara de Dirigentes Lojistas de S\u00e3o Jos\u00e9 (CDL\/SJ), o movimento Floripa Sustent\u00e1vel, a Associa\u00e7\u00e3o Catarinense de Medicina (ACM), a Federa\u00e7\u00e3o das Ind\u00fastrias de SC (Fiesc), a OAB\/SC, o Laborat\u00f3rio Santa Luzia\/DASA, a Intelbras, a C-Pack Creative Packaging, o Grupo Koerich e as Casas da \u00c1gua.<\/span><\/p><\/div><div>\u00a0<\/div>\t\t\t\t\t\t\t\t<\/div>\n\t\t\t\t<\/div>\n\t\t\t\t\t<\/div>\n\t\t<\/div>\n\t\t\t\t\t<\/div>\n\t\t<\/section>\n\t\t\t\t<\/div>\n\t\t","protected":false},"excerpt":{"rendered":"<p>Desde o fim de mar\u00e7o, s\u00e3o cerca de 4,3 mil atendimentos na Grande Florian\u00f3polis \u00a0 Implantado no final de mar\u00e7o deste ano, com recursos exclusivamente da iniciativa privada, o servi\u00e7o Alian\u00e7a Pela Vida \u00e9 um refor\u00e7o no combate \u00e0 Covid-19 na Grande Florian\u00f3polis. Tanto que foi prorrogado por mais 30 dias, estendendo-se at\u00e9 o fim &hellip;<\/p>\n<p class=\"read-more\"> <a class=\"\" href=\"https:\/\/aliancapelavida.com.br\/floripa\/2021\/06\/02\/hospital-celso-ramos-recebe-doacoes-da-iniciativa-alianca-pela-vida-2\/\"> <span class=\"screen-reader-text\">Alian\u00e7a Pela Vida prorroga servi\u00e7os at\u00e9 o fim de junho<\/span> Leia mais &raquo;<\/a><\/p>\n","protected":false},"author":1,"featured_media":592,"comment_status":"closed","ping_status":"closed","sticky":false,"template":"","format":"standard","meta":{"footnotes":""},"categories":[6],"tags":[],"class_list":["post-744","post","type-post","status-publish","format-standard","has-post-thumbnail","hentry","category-noticias-alianca-pela-vida"],"yoast_head":"<!-- This site is optimized with the Yoast SEO plugin v27.2 - https:\/\/yoast.com\/product\/yoast-seo-wordpress\/ -->\n<title>Alian\u00e7a Pela Vida prorroga servi\u00e7os at\u00e9 o fim de junho &#8226; Alian\u00e7a pela Vida<\/title>\n<meta name=\"robots\" content=\"index, follow, max-snippet:-1, max-image-preview:large, max-video-preview:-1\" \/>\n<link rel=\"canonical\" href=\"https:\/\/aliancapelavida.com.br\/floripa\/2021\/06\/02\/hospital-celso-ramos-recebe-doacoes-da-iniciativa-alianca-pela-vida-2\/\" \/>\n<meta property=\"og:locale\" content=\"pt_BR\" \/>\n<meta property=\"og:type\" content=\"article\" \/>\n<meta property=\"og:title\" content=\"Alian\u00e7a Pela Vida prorroga servi\u00e7os at\u00e9 o fim de junho &#8226; Alian\u00e7a pela Vida\" \/>\n<meta property=\"og:description\" content=\"Desde o fim de mar\u00e7o, s\u00e3o cerca de 4,3 mil atendimentos na Grande Florian\u00f3polis \u00a0 Implantado no final de mar\u00e7o deste ano, com recursos exclusivamente da iniciativa privada, o servi\u00e7o Alian\u00e7a Pela Vida \u00e9 um refor\u00e7o no combate \u00e0 Covid-19 na Grande Florian\u00f3polis. Tanto que foi prorrogado por mais 30 dias, estendendo-se at\u00e9 o fim &hellip; Alian\u00e7a Pela Vida prorroga servi\u00e7os at\u00e9 o fim de junho Leia mais &raquo;\" \/>\n<meta property=\"og:url\" content=\"https:\/\/aliancapelavida.com.br\/floripa\/2021\/06\/02\/hospital-celso-ramos-recebe-doacoes-da-iniciativa-alianca-pela-vida-2\/\" \/>\n<meta property=\"og:site_name\" content=\"Alian\u00e7a pela Vida\" \/>\n<meta property=\"article:published_time\" content=\"2021-06-02T14:37:13+00:00\" \/>\n<meta property=\"article:modified_time\" content=\"2021-06-02T14:44:44+00:00\" \/>\n<meta property=\"og:image\" content=\"https:\/\/aliancapelavida.com.br\/floripa\/wp-content\/uploads\/2021\/04\/16185044743200.jpg\" \/>\n\t<meta property=\"og:image:width\" content=\"1024\" \/>\n\t<meta property=\"og:image:height\" content=\"727\" \/>\n\t<meta property=\"og:image:type\" content=\"image\/jpeg\" \/>\n<meta name=\"author\" content=\"lucas.d@acif.org.br\" \/>\n<meta name=\"twitter:card\" content=\"summary_large_image\" \/>\n<meta name=\"twitter:label1\" content=\"Escrito por\" \/>\n\t<meta name=\"twitter:data1\" content=\"lucas.d@acif.org.br\" \/>\n\t<meta name=\"twitter:label2\" content=\"Est. tempo de leitura\" \/>\n\t<meta name=\"twitter:data2\" content=\"2 minutos\" \/>\n<script type=\"application\/ld+json\" class=\"yoast-schema-graph\">{\"@context\":\"https:\/\/schema.org\",\"@graph\":[{\"@type\":\"Article\",\"@id\":\"https:\/\/aliancapelavida.com.br\/floripa\/2021\/06\/02\/hospital-celso-ramos-recebe-doacoes-da-iniciativa-alianca-pela-vida-2\/#article\",\"isPartOf\":{\"@id\":\"https:\/\/aliancapelavida.com.br\/floripa\/2021\/06\/02\/hospital-celso-ramos-recebe-doacoes-da-iniciativa-alianca-pela-vida-2\/\"},\"author\":{\"name\":\"lucas.d@acif.org.br\",\"@id\":\"https:\/\/aliancapelavida.com.br\/floripa\/#\/schema\/person\/4e00d8650ea4ec998a3c004c2b1154a0\"},\"headline\":\"Alian\u00e7a Pela Vida prorroga servi\u00e7os at\u00e9 o fim de junho\",\"datePublished\":\"2021-06-02T14:37:13+00:00\",\"dateModified\":\"2021-06-02T14:44:44+00:00\",\"mainEntityOfPage\":{\"@id\":\"https:\/\/aliancapelavida.com.br\/floripa\/2021\/06\/02\/hospital-celso-ramos-recebe-doacoes-da-iniciativa-alianca-pela-vida-2\/\"},\"wordCount\":346,\"publisher\":{\"@id\":\"https:\/\/aliancapelavida.com.br\/floripa\/#organization\"},\"image\":{\"@id\":\"https:\/\/aliancapelavida.com.br\/floripa\/2021\/06\/02\/hospital-celso-ramos-recebe-doacoes-da-iniciativa-alianca-pela-vida-2\/#primaryimage\"},\"thumbnailUrl\":\"https:\/\/aliancapelavida.com.br\/floripa\/wp-content\/uploads\/2021\/04\/16185044743200.jpg\",\"articleSection\":[\"Not\u00edcias Alian\u00e7a Pela Vida\"],\"inLanguage\":\"pt-BR\"},{\"@type\":\"WebPage\",\"@id\":\"https:\/\/aliancapelavida.com.br\/floripa\/2021\/06\/02\/hospital-celso-ramos-recebe-doacoes-da-iniciativa-alianca-pela-vida-2\/\",\"url\":\"https:\/\/aliancapelavida.com.br\/floripa\/2021\/06\/02\/hospital-celso-ramos-recebe-doacoes-da-iniciativa-alianca-pela-vida-2\/\",\"name\":\"Alian\u00e7a Pela Vida prorroga servi\u00e7os at\u00e9 o fim de junho &#8226; Alian\u00e7a pela Vida\",\"isPartOf\":{\"@id\":\"https:\/\/aliancapelavida.com.br\/floripa\/#website\"},\"primaryImageOfPage\":{\"@id\":\"https:\/\/aliancapelavida.com.br\/floripa\/2021\/06\/02\/hospital-celso-ramos-recebe-doacoes-da-iniciativa-alianca-pela-vida-2\/#primaryimage\"},\"image\":{\"@id\":\"https:\/\/aliancapelavida.com.br\/floripa\/2021\/06\/02\/hospital-celso-ramos-recebe-doacoes-da-iniciativa-alianca-pela-vida-2\/#primaryimage\"},\"thumbnailUrl\":\"https:\/\/aliancapelavida.com.br\/floripa\/wp-content\/uploads\/2021\/04\/16185044743200.jpg\",\"datePublished\":\"2021-06-02T14:37:13+00:00\",\"dateModified\":\"2021-06-02T14:44:44+00:00\",\"breadcrumb\":{\"@id\":\"https:\/\/aliancapelavida.com.br\/floripa\/2021\/06\/02\/hospital-celso-ramos-recebe-doacoes-da-iniciativa-alianca-pela-vida-2\/#breadcrumb\"},\"inLanguage\":\"pt-BR\",\"potentialAction\":[{\"@type\":\"ReadAction\",\"target\":[\"https:\/\/aliancapelavida.com.br\/floripa\/2021\/06\/02\/hospital-celso-ramos-recebe-doacoes-da-iniciativa-alianca-pela-vida-2\/\"]}]},{\"@type\":\"ImageObject\",\"inLanguage\":\"pt-BR\",\"@id\":\"https:\/\/aliancapelavida.com.br\/floripa\/2021\/06\/02\/hospital-celso-ramos-recebe-doacoes-da-iniciativa-alianca-pela-vida-2\/#primaryimage\",\"url\":\"https:\/\/aliancapelavida.com.br\/floripa\/wp-content\/uploads\/2021\/04\/16185044743200.jpg\",\"contentUrl\":\"https:\/\/aliancapelavida.com.br\/floripa\/wp-content\/uploads\/2021\/04\/16185044743200.jpg\",\"width\":1024,\"height\":727},{\"@type\":\"BreadcrumbList\",\"@id\":\"https:\/\/aliancapelavida.com.br\/floripa\/2021\/06\/02\/hospital-celso-ramos-recebe-doacoes-da-iniciativa-alianca-pela-vida-2\/#breadcrumb\",\"itemListElement\":[{\"@type\":\"ListItem\",\"position\":1,\"name\":\"In\u00edcio\",\"item\":\"https:\/\/aliancapelavida.com.br\/floripa\/\"},{\"@type\":\"ListItem\",\"position\":2,\"name\":\"Alian\u00e7a Pela Vida prorroga servi\u00e7os at\u00e9 o fim de junho\"}]},{\"@type\":\"WebSite\",\"@id\":\"https:\/\/aliancapelavida.com.br\/floripa\/#website\",\"url\":\"https:\/\/aliancapelavida.com.br\/floripa\/\",\"name\":\"Alian\u00e7a pela Vida\",\"description\":\"Empres&aacute;rios e entidades formam uma alian&ccedil;a pela vida e sa&uacute;de de Florian&oacute;polis.\",\"publisher\":{\"@id\":\"https:\/\/aliancapelavida.com.br\/floripa\/#organization\"},\"potentialAction\":[{\"@type\":\"SearchAction\",\"target\":{\"@type\":\"EntryPoint\",\"urlTemplate\":\"https:\/\/aliancapelavida.com.br\/floripa\/?s={search_term_string}\"},\"query-input\":{\"@type\":\"PropertyValueSpecification\",\"valueRequired\":true,\"valueName\":\"search_term_string\"}}],\"inLanguage\":\"pt-BR\"},{\"@type\":\"Organization\",\"@id\":\"https:\/\/aliancapelavida.com.br\/floripa\/#organization\",\"name\":\"Alian\u00e7a pela Vida\",\"url\":\"https:\/\/aliancapelavida.com.br\/floripa\/\",\"logo\":{\"@type\":\"ImageObject\",\"inLanguage\":\"pt-BR\",\"@id\":\"https:\/\/aliancapelavida.com.br\/floripa\/#\/schema\/logo\/image\/\",\"url\":\"https:\/\/aliancapelavida.com.br\/floripa\/wp-content\/uploads\/2021\/04\/cropped-icone-alianca-pela-vida.png\",\"contentUrl\":\"https:\/\/aliancapelavida.com.br\/floripa\/wp-content\/uploads\/2021\/04\/cropped-icone-alianca-pela-vida.png\",\"width\":512,\"height\":512,\"caption\":\"Alian\u00e7a pela Vida\"},\"image\":{\"@id\":\"https:\/\/aliancapelavida.com.br\/floripa\/#\/schema\/logo\/image\/\"}},{\"@type\":\"Person\",\"@id\":\"https:\/\/aliancapelavida.com.br\/floripa\/#\/schema\/person\/4e00d8650ea4ec998a3c004c2b1154a0\",\"name\":\"lucas.d@acif.org.br\",\"image\":{\"@type\":\"ImageObject\",\"inLanguage\":\"pt-BR\",\"@id\":\"https:\/\/secure.gravatar.com\/avatar\/d49874567149003eef7bf04e691f92017566c9d0619fdaa2beb97c1b98f3252c?s=96&d=mm&r=g\",\"url\":\"https:\/\/secure.gravatar.com\/avatar\/d49874567149003eef7bf04e691f92017566c9d0619fdaa2beb97c1b98f3252c?s=96&d=mm&r=g\",\"contentUrl\":\"https:\/\/secure.gravatar.com\/avatar\/d49874567149003eef7bf04e691f92017566c9d0619fdaa2beb97c1b98f3252c?s=96&d=mm&r=g\",\"caption\":\"lucas.d@acif.org.br\"},\"sameAs\":[\"https:\/\/aliancapelavida.com.br\/floripa\"]}]}<\/script>\n<!-- \/ Yoast SEO plugin. -->","yoast_head_json":{"title":"Alian\u00e7a Pela Vida prorroga servi\u00e7os at\u00e9 o fim de junho &#8226; Alian\u00e7a pela Vida","robots":{"index":"index","follow":"follow","max-snippet":"max-snippet:-1","max-image-preview":"max-image-preview:large","max-video-preview":"max-video-preview:-1"},"canonical":"https:\/\/aliancapelavida.com.br\/floripa\/2021\/06\/02\/hospital-celso-ramos-recebe-doacoes-da-iniciativa-alianca-pela-vida-2\/","og_locale":"pt_BR","og_type":"article","og_title":"Alian\u00e7a Pela Vida prorroga servi\u00e7os at\u00e9 o fim de junho &#8226; Alian\u00e7a pela Vida","og_description":"Desde o fim de mar\u00e7o, s\u00e3o cerca de 4,3 mil atendimentos na Grande Florian\u00f3polis \u00a0 Implantado no final de mar\u00e7o deste ano, com recursos exclusivamente da iniciativa privada, o servi\u00e7o Alian\u00e7a Pela Vida \u00e9 um refor\u00e7o no combate \u00e0 Covid-19 na Grande Florian\u00f3polis. Tanto que foi prorrogado por mais 30 dias, estendendo-se at\u00e9 o fim &hellip; Alian\u00e7a Pela Vida prorroga servi\u00e7os at\u00e9 o fim de junho Leia mais &raquo;","og_url":"https:\/\/aliancapelavida.com.br\/floripa\/2021\/06\/02\/hospital-celso-ramos-recebe-doacoes-da-iniciativa-alianca-pela-vida-2\/","og_site_name":"Alian\u00e7a pela Vida","article_published_time":"2021-06-02T14:37:13+00:00","article_modified_time":"2021-06-02T14:44:44+00:00","og_image":[{"width":1024,"height":727,"url":"https:\/\/aliancapelavida.com.br\/floripa\/wp-content\/uploads\/2021\/04\/16185044743200.jpg","type":"image\/jpeg"}],"author":"lucas.d@acif.org.br","twitter_card":"summary_large_image","twitter_misc":{"Escrito por":"lucas.d@acif.org.br","Est. tempo de leitura":"2 minutos"},"schema":{"@context":"https:\/\/schema.org","@graph":[{"@type":"Article","@id":"https:\/\/aliancapelavida.com.br\/floripa\/2021\/06\/02\/hospital-celso-ramos-recebe-doacoes-da-iniciativa-alianca-pela-vida-2\/#article","isPartOf":{"@id":"https:\/\/aliancapelavida.com.br\/floripa\/2021\/06\/02\/hospital-celso-ramos-recebe-doacoes-da-iniciativa-alianca-pela-vida-2\/"},"author":{"name":"lucas.d@acif.org.br","@id":"https:\/\/aliancapelavida.com.br\/floripa\/#\/schema\/person\/4e00d8650ea4ec998a3c004c2b1154a0"},"headline":"Alian\u00e7a Pela Vida prorroga servi\u00e7os at\u00e9 o fim de junho","datePublished":"2021-06-02T14:37:13+00:00","dateModified":"2021-06-02T14:44:44+00:00","mainEntityOfPage":{"@id":"https:\/\/aliancapelavida.com.br\/floripa\/2021\/06\/02\/hospital-celso-ramos-recebe-doacoes-da-iniciativa-alianca-pela-vida-2\/"},"wordCount":346,"publisher":{"@id":"https:\/\/aliancapelavida.com.br\/floripa\/#organization"},"image":{"@id":"https:\/\/aliancapelavida.com.br\/floripa\/2021\/06\/02\/hospital-celso-ramos-recebe-doacoes-da-iniciativa-alianca-pela-vida-2\/#primaryimage"},"thumbnailUrl":"https:\/\/aliancapelavida.com.br\/floripa\/wp-content\/uploads\/2021\/04\/16185044743200.jpg","articleSection":["Not\u00edcias Alian\u00e7a Pela Vida"],"inLanguage":"pt-BR"},{"@type":"WebPage","@id":"https:\/\/aliancapelavida.com.br\/floripa\/2021\/06\/02\/hospital-celso-ramos-recebe-doacoes-da-iniciativa-alianca-pela-vida-2\/","url":"https:\/\/aliancapelavida.com.br\/floripa\/2021\/06\/02\/hospital-celso-ramos-recebe-doacoes-da-iniciativa-alianca-pela-vida-2\/","name":"Alian\u00e7a Pela Vida prorroga servi\u00e7os at\u00e9 o fim de junho &#8226; Alian\u00e7a pela Vida","isPartOf":{"@id":"https:\/\/aliancapelavida.com.br\/floripa\/#website"},"primaryImageOfPage":{"@id":"https:\/\/aliancapelavida.com.br\/floripa\/2021\/06\/02\/hospital-celso-ramos-recebe-doacoes-da-iniciativa-alianca-pela-vida-2\/#primaryimage"},"image":{"@id":"https:\/\/aliancapelavida.com.br\/floripa\/2021\/06\/02\/hospital-celso-ramos-recebe-doacoes-da-iniciativa-alianca-pela-vida-2\/#primaryimage"},"thumbnailUrl":"https:\/\/aliancapelavida.com.br\/floripa\/wp-content\/uploads\/2021\/04\/16185044743200.jpg","datePublished":"2021-06-02T14:37:13+00:00","dateModified":"2021-06-02T14:44:44+00:00","breadcrumb":{"@id":"https:\/\/aliancapelavida.com.br\/floripa\/2021\/06\/02\/hospital-celso-ramos-recebe-doacoes-da-iniciativa-alianca-pela-vida-2\/#breadcrumb"},"inLanguage":"pt-BR","potentialAction":[{"@type":"ReadAction","target":["https:\/\/aliancapelavida.com.br\/floripa\/2021\/06\/02\/hospital-celso-ramos-recebe-doacoes-da-iniciativa-alianca-pela-vida-2\/"]}]},{"@type":"ImageObject","inLanguage":"pt-BR","@id":"https:\/\/aliancapelavida.com.br\/floripa\/2021\/06\/02\/hospital-celso-ramos-recebe-doacoes-da-iniciativa-alianca-pela-vida-2\/#primaryimage","url":"https:\/\/aliancapelavida.com.br\/floripa\/wp-content\/uploads\/2021\/04\/16185044743200.jpg","contentUrl":"https:\/\/aliancapelavida.com.br\/floripa\/wp-content\/uploads\/2021\/04\/16185044743200.jpg","width":1024,"height":727},{"@type":"BreadcrumbList","@id":"https:\/\/aliancapelavida.com.br\/floripa\/2021\/06\/02\/hospital-celso-ramos-recebe-doacoes-da-iniciativa-alianca-pela-vida-2\/#breadcrumb","itemListElement":[{"@type":"ListItem","position":1,"name":"In\u00edcio","item":"https:\/\/aliancapelavida.com.br\/floripa\/"},{"@type":"ListItem","position":2,"name":"Alian\u00e7a Pela Vida prorroga servi\u00e7os at\u00e9 o fim de junho"}]},{"@type":"WebSite","@id":"https:\/\/aliancapelavida.com.br\/floripa\/#website","url":"https:\/\/aliancapelavida.com.br\/floripa\/","name":"Alian\u00e7a pela Vida","description":"Empres&aacute;rios e entidades formam uma alian&ccedil;a pela vida e sa&uacute;de de Florian&oacute;polis.","publisher":{"@id":"https:\/\/aliancapelavida.com.br\/floripa\/#organization"},"potentialAction":[{"@type":"SearchAction","target":{"@type":"EntryPoint","urlTemplate":"https:\/\/aliancapelavida.com.br\/floripa\/?s={search_term_string}"},"query-input":{"@type":"PropertyValueSpecification","valueRequired":true,"valueName":"search_term_string"}}],"inLanguage":"pt-BR"},{"@type":"Organization","@id":"https:\/\/aliancapelavida.com.br\/floripa\/#organization","name":"Alian\u00e7a pela Vida","url":"https:\/\/aliancapelavida.com.br\/floripa\/","logo":{"@type":"ImageObject","inLanguage":"pt-BR","@id":"https:\/\/aliancapelavida.com.br\/floripa\/#\/schema\/logo\/image\/","url":"https:\/\/aliancapelavida.com.br\/floripa\/wp-content\/uploads\/2021\/04\/cropped-icone-alianca-pela-vida.png","contentUrl":"https:\/\/aliancapelavida.com.br\/floripa\/wp-content\/uploads\/2021\/04\/cropped-icone-alianca-pela-vida.png","width":512,"height":512,"caption":"Alian\u00e7a pela Vida"},"image":{"@id":"https:\/\/aliancapelavida.com.br\/floripa\/#\/schema\/logo\/image\/"}},{"@type":"Person","@id":"https:\/\/aliancapelavida.com.br\/floripa\/#\/schema\/person\/4e00d8650ea4ec998a3c004c2b1154a0","name":"lucas.d@acif.org.br","image":{"@type":"ImageObject","inLanguage":"pt-BR","@id":"https:\/\/secure.gravatar.com\/avatar\/d49874567149003eef7bf04e691f92017566c9d0619fdaa2beb97c1b98f3252c?s=96&d=mm&r=g","url":"https:\/\/secure.gravatar.com\/avatar\/d49874567149003eef7bf04e691f92017566c9d0619fdaa2beb97c1b98f3252c?s=96&d=mm&r=g","contentUrl":"https:\/\/secure.gravatar.com\/avatar\/d49874567149003eef7bf04e691f92017566c9d0619fdaa2beb97c1b98f3252c?s=96&d=mm&r=g","caption":"lucas.d@acif.org.br"},"sameAs":["https:\/\/aliancapelavida.com.br\/floripa"]}]}},"_links":{"self":[{"href":"https:\/\/aliancapelavida.com.br\/floripa\/wp-json\/wp\/v2\/posts\/744","targetHints":{"allow":["GET"]}}],"collection":[{"href":"https:\/\/aliancapelavida.com.br\/floripa\/wp-json\/wp\/v2\/posts"}],"about":[{"href":"https:\/\/aliancapelavida.com.br\/floripa\/wp-json\/wp\/v2\/types\/post"}],"author":[{"embeddable":true,"href":"https:\/\/aliancapelavida.com.br\/floripa\/wp-json\/wp\/v2\/users\/1"}],"replies":[{"embeddable":true,"href":"https:\/\/aliancapelavida.com.br\/floripa\/wp-json\/wp\/v2\/comments?post=744"}],"version-history":[{"count":7,"href":"https:\/\/aliancapelavida.com.br\/floripa\/wp-json\/wp\/v2\/posts\/744\/revisions"}],"predecessor-version":[{"id":751,"href":"https:\/\/aliancapelavida.com.br\/floripa\/wp-json\/wp\/v2\/posts\/744\/revisions\/751"}],"wp:featuredmedia":[{"embeddable":true,"href":"https:\/\/aliancapelavida.com.br\/floripa\/wp-json\/wp\/v2\/media\/592"}],"wp:attachment":[{"href":"https:\/\/aliancapelavida.com.br\/floripa\/wp-json\/wp\/v2\/media?parent=744"}],"wp:term":[{"taxonomy":"category","embeddable":true,"href":"https:\/\/aliancapelavida.com.br\/floripa\/wp-json\/wp\/v2\/categories?post=744"},{"taxonomy":"post_tag","embeddable":true,"href":"https:\/\/aliancapelavida.com.br\/floripa\/wp-json\/wp\/v2\/tags?post=744"}],"curies":[{"name":"wp","href":"https:\/\/api.w.org\/{rel}","templated":true}]}}