{"id":699,"date":"2021-05-18T20:10:41","date_gmt":"2021-05-18T20:10:41","guid":{"rendered":"https:\/\/aliancapelavida.com.br\/floripa\/?p=699"},"modified":"2021-05-19T11:09:42","modified_gmt":"2021-05-19T11:09:42","slug":"hospital-celso-ramos-recebe-doacoes-da-iniciativa-alianca-pela-vida","status":"publish","type":"post","link":"https:\/\/aliancapelavida.com.br\/floripa\/2021\/05\/18\/hospital-celso-ramos-recebe-doacoes-da-iniciativa-alianca-pela-vida\/","title":{"rendered":"Hospital Celso Ramos recebe doa\u00e7\u00f5es da iniciativa Alian\u00e7a Pela Vida"},"content":{"rendered":"\t\t<div data-elementor-type=\"wp-post\" data-elementor-id=\"699\" class=\"elementor elementor-699\">\n\t\t\t\t\t\t<section class=\"elementor-section elementor-top-section elementor-element elementor-element-107d3345 elementor-section-boxed elementor-section-height-default elementor-section-height-default\" data-id=\"107d3345\" data-element_type=\"section\">\n\t\t\t\t\t\t<div class=\"elementor-container elementor-column-gap-default\">\n\t\t\t\t\t<div class=\"elementor-column elementor-col-100 elementor-top-column elementor-element elementor-element-9300d05\" data-id=\"9300d05\" data-element_type=\"column\">\n\t\t\t<div class=\"elementor-widget-wrap elementor-element-populated\">\n\t\t\t\t\t\t<div class=\"elementor-element elementor-element-23c8da05 elementor-widget elementor-widget-text-editor\" data-id=\"23c8da05\" data-element_type=\"widget\" data-widget_type=\"text-editor.default\">\n\t\t\t\t<div class=\"elementor-widget-container\">\n\t\t\t\t\t\t\t\t\t<p style=\"font-size: 15px; font-style: normal; font-weight: 400;\"><em>Entidades e empresas entregaram equipamentos no valor de R$ 123,6 mil<\/em><\/p><p style=\"font-size: 15px; font-style: normal; font-weight: 400;\"><\/p><p style=\"font-size: 15px; font-style: normal; font-weight: 400;\"><\/p><p style=\"font-size: 15px; font-style: normal; font-weight: 400;\">Al\u00e9m de oferecer suporte adicional para evitar que os pacientes de Covid-19 fiquem sem assist\u00eancia m\u00e9dica diante do quadro da pandemia, o servi\u00e7o Alian\u00e7a Pela Vida doou nesta ter\u00e7a-feira uma s\u00e9rie de equipamentos ao Hospital Celso Ramos, em Florian\u00f3polis. Entre bacias para banho, cadeira de rodas, v\u00e1lvula para respira\u00e7\u00e3o, produtos de inform\u00e1tica e outros itens hospitalares, o volume representa R$ 123,6 mil. &nbsp;<\/p><p style=\"font-size: 15px; font-style: normal; font-weight: 400;\"><\/p><p style=\"font-size: 15px; font-style: normal; font-weight: 400;\"><\/p><p style=\"font-size: 15px; font-style: normal; font-weight: 400;\">\u201cN\u00e3o nos limitamos somente aos atendimentos e encaminhamentos. Nossa iniciativa tamb\u00e9m contempla essas doa\u00e7\u00f5es, j\u00e1 realizadas ao Hospital Universit\u00e1rio da Capital\u201d, afirma Rodrigo Rossoni, presidente da Associa\u00e7\u00e3o Empresarial de Florian\u00f3polis (ACIF), uma das entidades envolvidas na a\u00e7\u00e3o, lembrando que o servi\u00e7o \u00e9 gratuito e dispon\u00edvel pelo telefone&nbsp;<span style=\"font-weight: 700;\">0800 402 0000<\/span>. Para Eduardo Koerich, diretor de Marketing da CDL de Florian\u00f3polis, \u00e9 importante poder colaborar com o Celso Ramos, um dos principais hospitais para atendimento de emerg\u00eancia em Santa Catarina.&nbsp; &#8220;O material ser\u00e1 utilizado para equipar a ala que recebe pacientes de COVID-19 e com isso, ajudar\u00e1 a minimizar o desconforto de muitas pessoas&#8221;, comenta. A Alian\u00e7a Pela Vida prev\u00ea atendimento a pacientes de Florian\u00f3polis, S\u00e3o Jos\u00e9, Palho\u00e7a e Bigua\u00e7u, nos moldes domiciliar e de telemedicina.<\/p><p style=\"font-size: 15px; font-style: normal; font-weight: 400;\"><\/p><p style=\"font-size: 15px; font-style: normal; font-weight: 400;\"><\/p><p style=\"font-size: 15px; font-style: normal; font-weight: 400;\">A Alian\u00e7a Pela Vida atendeu desde o final de mar\u00e7o cerca de 4 mil pacientes. A for\u00e7a-tarefa j\u00e1 arrecadou R$ 4,5 milh\u00f5es e une, al\u00e9m da ACIF, a C\u00e2mara de Dirigentes Lojistas de Florian\u00f3polis (CDL), a empresa ENGIE Brasil Energia, o Sinduscon Grande Florian\u00f3polis, a Associa\u00e7\u00e3o Catarinense de Tecnologia (ACATE), a Associa\u00e7\u00e3o Empresarial da Regi\u00e3o Metropolitana de Florian\u00f3polis (AEMFLO), a C\u00e2mara de Dirigentes Lojistas de S\u00e3o Jos\u00e9 (CDL-SJ), o movimento Floripa Sustent\u00e1vel, a Associa\u00e7\u00e3o Catarinense de Medicina (ACM), a Federa\u00e7\u00e3o das Ind\u00fastrias de SC (FIESC), a OAB\/SC, o Laborat\u00f3rio Santa Luzia\/DASA, a Intelbras, a C-Pack Creative Packaging, o Grupo Koerich e as Casas da \u00c1gua.<\/p><p style=\"font-size: 15px; font-style: normal; font-weight: 400;\"><\/p><p style=\"font-size: 15px; font-style: normal; font-weight: 400;\"><\/p><figure class=\"wp-block-image size-large\" style=\"font-size: 15px; font-style: normal; font-weight: 400;\"><img fetchpriority=\"high\" decoding=\"async\" width=\"1024\" height=\"683\" src=\"https:\/\/aliancapelavida.com.br\/floripa\/wp-content\/uploads\/2021\/05\/IMG_6611-1024x683.jpg\" alt=\"\" class=\"wp-image-700\" srcset=\"https:\/\/aliancapelavida.com.br\/floripa\/wp-content\/uploads\/2021\/05\/IMG_6611-1024x683.jpg 1024w, https:\/\/aliancapelavida.com.br\/floripa\/wp-content\/uploads\/2021\/05\/IMG_6611-300x200.jpg 300w, https:\/\/aliancapelavida.com.br\/floripa\/wp-content\/uploads\/2021\/05\/IMG_6611-768x512.jpg 768w, https:\/\/aliancapelavida.com.br\/floripa\/wp-content\/uploads\/2021\/05\/IMG_6611-1536x1024.jpg 1536w, https:\/\/aliancapelavida.com.br\/floripa\/wp-content\/uploads\/2021\/05\/IMG_6611-2048x1365.jpg 2048w\" sizes=\"(max-width: 1024px) 100vw, 1024px\" \/><\/figure>\t\t\t\t\t\t\t\t<\/div>\n\t\t\t\t<\/div>\n\t\t\t\t\t<\/div>\n\t\t<\/div>\n\t\t\t\t\t<\/div>\n\t\t<\/section>\n\t\t\t\t<\/div>\n\t\t","protected":false},"excerpt":{"rendered":"<p>Entidades e empresas entregaram equipamentos no valor de R$ 123,6 mil Al\u00e9m de oferecer suporte adicional para evitar que os pacientes de Covid-19 fiquem sem assist\u00eancia m\u00e9dica diante do quadro da pandemia, o servi\u00e7o Alian\u00e7a Pela Vida doou nesta ter\u00e7a-feira uma s\u00e9rie de equipamentos ao Hospital Celso Ramos, em Florian\u00f3polis. Entre bacias para banho, cadeira &hellip;<\/p>\n<p class=\"read-more\"> <a class=\"\" href=\"https:\/\/aliancapelavida.com.br\/floripa\/2021\/05\/18\/hospital-celso-ramos-recebe-doacoes-da-iniciativa-alianca-pela-vida\/\"> <span class=\"screen-reader-text\">Hospital Celso Ramos recebe doa\u00e7\u00f5es da iniciativa Alian\u00e7a Pela Vida<\/span> Leia mais &raquo;<\/a><\/p>\n","protected":false},"author":1,"featured_media":702,"comment_status":"open","ping_status":"open","sticky":false,"template":"","format":"standard","meta":{"footnotes":""},"categories":[6],"tags":[],"class_list":["post-699","post","type-post","status-publish","format-standard","has-post-thumbnail","hentry","category-noticias-alianca-pela-vida"],"yoast_head":"<!-- This site is optimized with the Yoast SEO plugin v27.2 - https:\/\/yoast.com\/product\/yoast-seo-wordpress\/ -->\n<title>Hospital Celso Ramos recebe doa\u00e7\u00f5es da iniciativa Alian\u00e7a Pela Vida &#8226; Alian\u00e7a pela Vida<\/title>\n<meta name=\"robots\" content=\"index, follow, max-snippet:-1, max-image-preview:large, max-video-preview:-1\" \/>\n<link rel=\"canonical\" href=\"https:\/\/aliancapelavida.com.br\/floripa\/2021\/05\/18\/hospital-celso-ramos-recebe-doacoes-da-iniciativa-alianca-pela-vida\/\" \/>\n<meta property=\"og:locale\" content=\"pt_BR\" \/>\n<meta property=\"og:type\" content=\"article\" \/>\n<meta property=\"og:title\" content=\"Hospital Celso Ramos recebe doa\u00e7\u00f5es da iniciativa Alian\u00e7a Pela Vida &#8226; Alian\u00e7a pela Vida\" \/>\n<meta property=\"og:description\" content=\"Entidades e empresas entregaram equipamentos no valor de R$ 123,6 mil Al\u00e9m de oferecer suporte adicional para evitar que os pacientes de Covid-19 fiquem sem assist\u00eancia m\u00e9dica diante do quadro da pandemia, o servi\u00e7o Alian\u00e7a Pela Vida doou nesta ter\u00e7a-feira uma s\u00e9rie de equipamentos ao Hospital Celso Ramos, em Florian\u00f3polis. Entre bacias para banho, cadeira &hellip; Hospital Celso Ramos recebe doa\u00e7\u00f5es da iniciativa Alian\u00e7a Pela Vida Leia mais &raquo;\" \/>\n<meta property=\"og:url\" content=\"https:\/\/aliancapelavida.com.br\/floripa\/2021\/05\/18\/hospital-celso-ramos-recebe-doacoes-da-iniciativa-alianca-pela-vida\/\" \/>\n<meta property=\"og:site_name\" content=\"Alian\u00e7a pela Vida\" \/>\n<meta property=\"article:published_time\" content=\"2021-05-18T20:10:41+00:00\" \/>\n<meta property=\"article:modified_time\" content=\"2021-05-19T11:09:42+00:00\" \/>\n<meta property=\"og:image\" content=\"https:\/\/aliancapelavida.com.br\/floripa\/wp-content\/uploads\/2021\/05\/IMG_6634-scaled.jpg\" \/>\n\t<meta property=\"og:image:width\" content=\"2560\" \/>\n\t<meta property=\"og:image:height\" content=\"1707\" \/>\n\t<meta property=\"og:image:type\" content=\"image\/jpeg\" \/>\n<meta name=\"author\" content=\"lucas.d@acif.org.br\" \/>\n<meta name=\"twitter:card\" content=\"summary_large_image\" \/>\n<meta name=\"twitter:label1\" content=\"Escrito por\" \/>\n\t<meta name=\"twitter:data1\" content=\"lucas.d@acif.org.br\" \/>\n\t<meta name=\"twitter:label2\" content=\"Est. tempo de leitura\" \/>\n\t<meta name=\"twitter:data2\" content=\"2 minutos\" \/>\n<script type=\"application\/ld+json\" class=\"yoast-schema-graph\">{\"@context\":\"https:\/\/schema.org\",\"@graph\":[{\"@type\":\"Article\",\"@id\":\"https:\/\/aliancapelavida.com.br\/floripa\/2021\/05\/18\/hospital-celso-ramos-recebe-doacoes-da-iniciativa-alianca-pela-vida\/#article\",\"isPartOf\":{\"@id\":\"https:\/\/aliancapelavida.com.br\/floripa\/2021\/05\/18\/hospital-celso-ramos-recebe-doacoes-da-iniciativa-alianca-pela-vida\/\"},\"author\":{\"name\":\"lucas.d@acif.org.br\",\"@id\":\"https:\/\/aliancapelavida.com.br\/floripa\/#\/schema\/person\/4e00d8650ea4ec998a3c004c2b1154a0\"},\"headline\":\"Hospital Celso Ramos recebe doa\u00e7\u00f5es da iniciativa Alian\u00e7a Pela Vida\",\"datePublished\":\"2021-05-18T20:10:41+00:00\",\"dateModified\":\"2021-05-19T11:09:42+00:00\",\"mainEntityOfPage\":{\"@id\":\"https:\/\/aliancapelavida.com.br\/floripa\/2021\/05\/18\/hospital-celso-ramos-recebe-doacoes-da-iniciativa-alianca-pela-vida\/\"},\"wordCount\":357,\"commentCount\":0,\"publisher\":{\"@id\":\"https:\/\/aliancapelavida.com.br\/floripa\/#organization\"},\"image\":{\"@id\":\"https:\/\/aliancapelavida.com.br\/floripa\/2021\/05\/18\/hospital-celso-ramos-recebe-doacoes-da-iniciativa-alianca-pela-vida\/#primaryimage\"},\"thumbnailUrl\":\"https:\/\/aliancapelavida.com.br\/floripa\/wp-content\/uploads\/2021\/05\/IMG_6634-scaled.jpg\",\"articleSection\":[\"Not\u00edcias Alian\u00e7a Pela Vida\"],\"inLanguage\":\"pt-BR\",\"potentialAction\":[{\"@type\":\"CommentAction\",\"name\":\"Comment\",\"target\":[\"https:\/\/aliancapelavida.com.br\/floripa\/2021\/05\/18\/hospital-celso-ramos-recebe-doacoes-da-iniciativa-alianca-pela-vida\/#respond\"]}]},{\"@type\":\"WebPage\",\"@id\":\"https:\/\/aliancapelavida.com.br\/floripa\/2021\/05\/18\/hospital-celso-ramos-recebe-doacoes-da-iniciativa-alianca-pela-vida\/\",\"url\":\"https:\/\/aliancapelavida.com.br\/floripa\/2021\/05\/18\/hospital-celso-ramos-recebe-doacoes-da-iniciativa-alianca-pela-vida\/\",\"name\":\"Hospital Celso Ramos recebe doa\u00e7\u00f5es da iniciativa Alian\u00e7a Pela Vida &#8226; Alian\u00e7a pela Vida\",\"isPartOf\":{\"@id\":\"https:\/\/aliancapelavida.com.br\/floripa\/#website\"},\"primaryImageOfPage\":{\"@id\":\"https:\/\/aliancapelavida.com.br\/floripa\/2021\/05\/18\/hospital-celso-ramos-recebe-doacoes-da-iniciativa-alianca-pela-vida\/#primaryimage\"},\"image\":{\"@id\":\"https:\/\/aliancapelavida.com.br\/floripa\/2021\/05\/18\/hospital-celso-ramos-recebe-doacoes-da-iniciativa-alianca-pela-vida\/#primaryimage\"},\"thumbnailUrl\":\"https:\/\/aliancapelavida.com.br\/floripa\/wp-content\/uploads\/2021\/05\/IMG_6634-scaled.jpg\",\"datePublished\":\"2021-05-18T20:10:41+00:00\",\"dateModified\":\"2021-05-19T11:09:42+00:00\",\"breadcrumb\":{\"@id\":\"https:\/\/aliancapelavida.com.br\/floripa\/2021\/05\/18\/hospital-celso-ramos-recebe-doacoes-da-iniciativa-alianca-pela-vida\/#breadcrumb\"},\"inLanguage\":\"pt-BR\",\"potentialAction\":[{\"@type\":\"ReadAction\",\"target\":[\"https:\/\/aliancapelavida.com.br\/floripa\/2021\/05\/18\/hospital-celso-ramos-recebe-doacoes-da-iniciativa-alianca-pela-vida\/\"]}]},{\"@type\":\"ImageObject\",\"inLanguage\":\"pt-BR\",\"@id\":\"https:\/\/aliancapelavida.com.br\/floripa\/2021\/05\/18\/hospital-celso-ramos-recebe-doacoes-da-iniciativa-alianca-pela-vida\/#primaryimage\",\"url\":\"https:\/\/aliancapelavida.com.br\/floripa\/wp-content\/uploads\/2021\/05\/IMG_6634-scaled.jpg\",\"contentUrl\":\"https:\/\/aliancapelavida.com.br\/floripa\/wp-content\/uploads\/2021\/05\/IMG_6634-scaled.jpg\",\"width\":2560,\"height\":1707},{\"@type\":\"BreadcrumbList\",\"@id\":\"https:\/\/aliancapelavida.com.br\/floripa\/2021\/05\/18\/hospital-celso-ramos-recebe-doacoes-da-iniciativa-alianca-pela-vida\/#breadcrumb\",\"itemListElement\":[{\"@type\":\"ListItem\",\"position\":1,\"name\":\"In\u00edcio\",\"item\":\"https:\/\/aliancapelavida.com.br\/floripa\/\"},{\"@type\":\"ListItem\",\"position\":2,\"name\":\"Hospital Celso Ramos recebe doa\u00e7\u00f5es da iniciativa Alian\u00e7a Pela Vida\"}]},{\"@type\":\"WebSite\",\"@id\":\"https:\/\/aliancapelavida.com.br\/floripa\/#website\",\"url\":\"https:\/\/aliancapelavida.com.br\/floripa\/\",\"name\":\"Alian\u00e7a pela Vida\",\"description\":\"Empres&aacute;rios e entidades formam uma alian&ccedil;a pela vida e sa&uacute;de de Florian&oacute;polis.\",\"publisher\":{\"@id\":\"https:\/\/aliancapelavida.com.br\/floripa\/#organization\"},\"potentialAction\":[{\"@type\":\"SearchAction\",\"target\":{\"@type\":\"EntryPoint\",\"urlTemplate\":\"https:\/\/aliancapelavida.com.br\/floripa\/?s={search_term_string}\"},\"query-input\":{\"@type\":\"PropertyValueSpecification\",\"valueRequired\":true,\"valueName\":\"search_term_string\"}}],\"inLanguage\":\"pt-BR\"},{\"@type\":\"Organization\",\"@id\":\"https:\/\/aliancapelavida.com.br\/floripa\/#organization\",\"name\":\"Alian\u00e7a pela Vida\",\"url\":\"https:\/\/aliancapelavida.com.br\/floripa\/\",\"logo\":{\"@type\":\"ImageObject\",\"inLanguage\":\"pt-BR\",\"@id\":\"https:\/\/aliancapelavida.com.br\/floripa\/#\/schema\/logo\/image\/\",\"url\":\"https:\/\/aliancapelavida.com.br\/floripa\/wp-content\/uploads\/2021\/04\/cropped-icone-alianca-pela-vida.png\",\"contentUrl\":\"https:\/\/aliancapelavida.com.br\/floripa\/wp-content\/uploads\/2021\/04\/cropped-icone-alianca-pela-vida.png\",\"width\":512,\"height\":512,\"caption\":\"Alian\u00e7a pela Vida\"},\"image\":{\"@id\":\"https:\/\/aliancapelavida.com.br\/floripa\/#\/schema\/logo\/image\/\"}},{\"@type\":\"Person\",\"@id\":\"https:\/\/aliancapelavida.com.br\/floripa\/#\/schema\/person\/4e00d8650ea4ec998a3c004c2b1154a0\",\"name\":\"lucas.d@acif.org.br\",\"image\":{\"@type\":\"ImageObject\",\"inLanguage\":\"pt-BR\",\"@id\":\"https:\/\/secure.gravatar.com\/avatar\/d49874567149003eef7bf04e691f92017566c9d0619fdaa2beb97c1b98f3252c?s=96&d=mm&r=g\",\"url\":\"https:\/\/secure.gravatar.com\/avatar\/d49874567149003eef7bf04e691f92017566c9d0619fdaa2beb97c1b98f3252c?s=96&d=mm&r=g\",\"contentUrl\":\"https:\/\/secure.gravatar.com\/avatar\/d49874567149003eef7bf04e691f92017566c9d0619fdaa2beb97c1b98f3252c?s=96&d=mm&r=g\",\"caption\":\"lucas.d@acif.org.br\"},\"sameAs\":[\"https:\/\/aliancapelavida.com.br\/floripa\"]}]}<\/script>\n<!-- \/ Yoast SEO plugin. -->","yoast_head_json":{"title":"Hospital Celso Ramos recebe doa\u00e7\u00f5es da iniciativa Alian\u00e7a Pela Vida &#8226; Alian\u00e7a pela Vida","robots":{"index":"index","follow":"follow","max-snippet":"max-snippet:-1","max-image-preview":"max-image-preview:large","max-video-preview":"max-video-preview:-1"},"canonical":"https:\/\/aliancapelavida.com.br\/floripa\/2021\/05\/18\/hospital-celso-ramos-recebe-doacoes-da-iniciativa-alianca-pela-vida\/","og_locale":"pt_BR","og_type":"article","og_title":"Hospital Celso Ramos recebe doa\u00e7\u00f5es da iniciativa Alian\u00e7a Pela Vida &#8226; Alian\u00e7a pela Vida","og_description":"Entidades e empresas entregaram equipamentos no valor de R$ 123,6 mil Al\u00e9m de oferecer suporte adicional para evitar que os pacientes de Covid-19 fiquem sem assist\u00eancia m\u00e9dica diante do quadro da pandemia, o servi\u00e7o Alian\u00e7a Pela Vida doou nesta ter\u00e7a-feira uma s\u00e9rie de equipamentos ao Hospital Celso Ramos, em Florian\u00f3polis. Entre bacias para banho, cadeira &hellip; Hospital Celso Ramos recebe doa\u00e7\u00f5es da iniciativa Alian\u00e7a Pela Vida Leia mais &raquo;","og_url":"https:\/\/aliancapelavida.com.br\/floripa\/2021\/05\/18\/hospital-celso-ramos-recebe-doacoes-da-iniciativa-alianca-pela-vida\/","og_site_name":"Alian\u00e7a pela Vida","article_published_time":"2021-05-18T20:10:41+00:00","article_modified_time":"2021-05-19T11:09:42+00:00","og_image":[{"width":2560,"height":1707,"url":"https:\/\/aliancapelavida.com.br\/floripa\/wp-content\/uploads\/2021\/05\/IMG_6634-scaled.jpg","type":"image\/jpeg"}],"author":"lucas.d@acif.org.br","twitter_card":"summary_large_image","twitter_misc":{"Escrito por":"lucas.d@acif.org.br","Est. tempo de leitura":"2 minutos"},"schema":{"@context":"https:\/\/schema.org","@graph":[{"@type":"Article","@id":"https:\/\/aliancapelavida.com.br\/floripa\/2021\/05\/18\/hospital-celso-ramos-recebe-doacoes-da-iniciativa-alianca-pela-vida\/#article","isPartOf":{"@id":"https:\/\/aliancapelavida.com.br\/floripa\/2021\/05\/18\/hospital-celso-ramos-recebe-doacoes-da-iniciativa-alianca-pela-vida\/"},"author":{"name":"lucas.d@acif.org.br","@id":"https:\/\/aliancapelavida.com.br\/floripa\/#\/schema\/person\/4e00d8650ea4ec998a3c004c2b1154a0"},"headline":"Hospital Celso Ramos recebe doa\u00e7\u00f5es da iniciativa Alian\u00e7a Pela Vida","datePublished":"2021-05-18T20:10:41+00:00","dateModified":"2021-05-19T11:09:42+00:00","mainEntityOfPage":{"@id":"https:\/\/aliancapelavida.com.br\/floripa\/2021\/05\/18\/hospital-celso-ramos-recebe-doacoes-da-iniciativa-alianca-pela-vida\/"},"wordCount":357,"commentCount":0,"publisher":{"@id":"https:\/\/aliancapelavida.com.br\/floripa\/#organization"},"image":{"@id":"https:\/\/aliancapelavida.com.br\/floripa\/2021\/05\/18\/hospital-celso-ramos-recebe-doacoes-da-iniciativa-alianca-pela-vida\/#primaryimage"},"thumbnailUrl":"https:\/\/aliancapelavida.com.br\/floripa\/wp-content\/uploads\/2021\/05\/IMG_6634-scaled.jpg","articleSection":["Not\u00edcias Alian\u00e7a Pela Vida"],"inLanguage":"pt-BR","potentialAction":[{"@type":"CommentAction","name":"Comment","target":["https:\/\/aliancapelavida.com.br\/floripa\/2021\/05\/18\/hospital-celso-ramos-recebe-doacoes-da-iniciativa-alianca-pela-vida\/#respond"]}]},{"@type":"WebPage","@id":"https:\/\/aliancapelavida.com.br\/floripa\/2021\/05\/18\/hospital-celso-ramos-recebe-doacoes-da-iniciativa-alianca-pela-vida\/","url":"https:\/\/aliancapelavida.com.br\/floripa\/2021\/05\/18\/hospital-celso-ramos-recebe-doacoes-da-iniciativa-alianca-pela-vida\/","name":"Hospital Celso Ramos recebe doa\u00e7\u00f5es da iniciativa Alian\u00e7a Pela Vida &#8226; Alian\u00e7a pela Vida","isPartOf":{"@id":"https:\/\/aliancapelavida.com.br\/floripa\/#website"},"primaryImageOfPage":{"@id":"https:\/\/aliancapelavida.com.br\/floripa\/2021\/05\/18\/hospital-celso-ramos-recebe-doacoes-da-iniciativa-alianca-pela-vida\/#primaryimage"},"image":{"@id":"https:\/\/aliancapelavida.com.br\/floripa\/2021\/05\/18\/hospital-celso-ramos-recebe-doacoes-da-iniciativa-alianca-pela-vida\/#primaryimage"},"thumbnailUrl":"https:\/\/aliancapelavida.com.br\/floripa\/wp-content\/uploads\/2021\/05\/IMG_6634-scaled.jpg","datePublished":"2021-05-18T20:10:41+00:00","dateModified":"2021-05-19T11:09:42+00:00","breadcrumb":{"@id":"https:\/\/aliancapelavida.com.br\/floripa\/2021\/05\/18\/hospital-celso-ramos-recebe-doacoes-da-iniciativa-alianca-pela-vida\/#breadcrumb"},"inLanguage":"pt-BR","potentialAction":[{"@type":"ReadAction","target":["https:\/\/aliancapelavida.com.br\/floripa\/2021\/05\/18\/hospital-celso-ramos-recebe-doacoes-da-iniciativa-alianca-pela-vida\/"]}]},{"@type":"ImageObject","inLanguage":"pt-BR","@id":"https:\/\/aliancapelavida.com.br\/floripa\/2021\/05\/18\/hospital-celso-ramos-recebe-doacoes-da-iniciativa-alianca-pela-vida\/#primaryimage","url":"https:\/\/aliancapelavida.com.br\/floripa\/wp-content\/uploads\/2021\/05\/IMG_6634-scaled.jpg","contentUrl":"https:\/\/aliancapelavida.com.br\/floripa\/wp-content\/uploads\/2021\/05\/IMG_6634-scaled.jpg","width":2560,"height":1707},{"@type":"BreadcrumbList","@id":"https:\/\/aliancapelavida.com.br\/floripa\/2021\/05\/18\/hospital-celso-ramos-recebe-doacoes-da-iniciativa-alianca-pela-vida\/#breadcrumb","itemListElement":[{"@type":"ListItem","position":1,"name":"In\u00edcio","item":"https:\/\/aliancapelavida.com.br\/floripa\/"},{"@type":"ListItem","position":2,"name":"Hospital Celso Ramos recebe doa\u00e7\u00f5es da iniciativa Alian\u00e7a Pela Vida"}]},{"@type":"WebSite","@id":"https:\/\/aliancapelavida.com.br\/floripa\/#website","url":"https:\/\/aliancapelavida.com.br\/floripa\/","name":"Alian\u00e7a pela Vida","description":"Empres&aacute;rios e entidades formam uma alian&ccedil;a pela vida e sa&uacute;de de Florian&oacute;polis.","publisher":{"@id":"https:\/\/aliancapelavida.com.br\/floripa\/#organization"},"potentialAction":[{"@type":"SearchAction","target":{"@type":"EntryPoint","urlTemplate":"https:\/\/aliancapelavida.com.br\/floripa\/?s={search_term_string}"},"query-input":{"@type":"PropertyValueSpecification","valueRequired":true,"valueName":"search_term_string"}}],"inLanguage":"pt-BR"},{"@type":"Organization","@id":"https:\/\/aliancapelavida.com.br\/floripa\/#organization","name":"Alian\u00e7a pela Vida","url":"https:\/\/aliancapelavida.com.br\/floripa\/","logo":{"@type":"ImageObject","inLanguage":"pt-BR","@id":"https:\/\/aliancapelavida.com.br\/floripa\/#\/schema\/logo\/image\/","url":"https:\/\/aliancapelavida.com.br\/floripa\/wp-content\/uploads\/2021\/04\/cropped-icone-alianca-pela-vida.png","contentUrl":"https:\/\/aliancapelavida.com.br\/floripa\/wp-content\/uploads\/2021\/04\/cropped-icone-alianca-pela-vida.png","width":512,"height":512,"caption":"Alian\u00e7a pela Vida"},"image":{"@id":"https:\/\/aliancapelavida.com.br\/floripa\/#\/schema\/logo\/image\/"}},{"@type":"Person","@id":"https:\/\/aliancapelavida.com.br\/floripa\/#\/schema\/person\/4e00d8650ea4ec998a3c004c2b1154a0","name":"lucas.d@acif.org.br","image":{"@type":"ImageObject","inLanguage":"pt-BR","@id":"https:\/\/secure.gravatar.com\/avatar\/d49874567149003eef7bf04e691f92017566c9d0619fdaa2beb97c1b98f3252c?s=96&d=mm&r=g","url":"https:\/\/secure.gravatar.com\/avatar\/d49874567149003eef7bf04e691f92017566c9d0619fdaa2beb97c1b98f3252c?s=96&d=mm&r=g","contentUrl":"https:\/\/secure.gravatar.com\/avatar\/d49874567149003eef7bf04e691f92017566c9d0619fdaa2beb97c1b98f3252c?s=96&d=mm&r=g","caption":"lucas.d@acif.org.br"},"sameAs":["https:\/\/aliancapelavida.com.br\/floripa"]}]}},"_links":{"self":[{"href":"https:\/\/aliancapelavida.com.br\/floripa\/wp-json\/wp\/v2\/posts\/699","targetHints":{"allow":["GET"]}}],"collection":[{"href":"https:\/\/aliancapelavida.com.br\/floripa\/wp-json\/wp\/v2\/posts"}],"about":[{"href":"https:\/\/aliancapelavida.com.br\/floripa\/wp-json\/wp\/v2\/types\/post"}],"author":[{"embeddable":true,"href":"https:\/\/aliancapelavida.com.br\/floripa\/wp-json\/wp\/v2\/users\/1"}],"replies":[{"embeddable":true,"href":"https:\/\/aliancapelavida.com.br\/floripa\/wp-json\/wp\/v2\/comments?post=699"}],"version-history":[{"count":4,"href":"https:\/\/aliancapelavida.com.br\/floripa\/wp-json\/wp\/v2\/posts\/699\/revisions"}],"predecessor-version":[{"id":713,"href":"https:\/\/aliancapelavida.com.br\/floripa\/wp-json\/wp\/v2\/posts\/699\/revisions\/713"}],"wp:featuredmedia":[{"embeddable":true,"href":"https:\/\/aliancapelavida.com.br\/floripa\/wp-json\/wp\/v2\/media\/702"}],"wp:attachment":[{"href":"https:\/\/aliancapelavida.com.br\/floripa\/wp-json\/wp\/v2\/media?parent=699"}],"wp:term":[{"taxonomy":"category","embeddable":true,"href":"https:\/\/aliancapelavida.com.br\/floripa\/wp-json\/wp\/v2\/categories?post=699"},{"taxonomy":"post_tag","embeddable":true,"href":"https:\/\/aliancapelavida.com.br\/floripa\/wp-json\/wp\/v2\/tags?post=699"}],"curies":[{"name":"wp","href":"https:\/\/api.w.org\/{rel}","templated":true}]}}