{"id":662,"date":"2021-04-29T15:19:45","date_gmt":"2021-04-29T15:19:45","guid":{"rendered":"https:\/\/aliancapelavida.com.br\/floripa\/?p=662"},"modified":"2021-05-19T11:09:20","modified_gmt":"2021-05-19T11:09:20","slug":"alianca-pela-vida-iniciativa-e-prorrogada-por-mais-60-dias","status":"publish","type":"post","link":"https:\/\/aliancapelavida.com.br\/floripa\/2021\/04\/29\/alianca-pela-vida-iniciativa-e-prorrogada-por-mais-60-dias\/","title":{"rendered":"Alian\u00e7a pela vida: iniciativa \u00e9 prorrogada por mais 60 dias"},"content":{"rendered":"\t\t<div data-elementor-type=\"wp-post\" data-elementor-id=\"662\" class=\"elementor elementor-662\">\n\t\t\t\t\t\t<section class=\"elementor-section elementor-top-section elementor-element elementor-element-c0230ff elementor-section-boxed elementor-section-height-default elementor-section-height-default\" data-id=\"c0230ff\" data-element_type=\"section\">\n\t\t\t\t\t\t<div class=\"elementor-container elementor-column-gap-default\">\n\t\t\t\t\t<div class=\"elementor-column elementor-col-100 elementor-top-column elementor-element elementor-element-6a96c67\" data-id=\"6a96c67\" data-element_type=\"column\">\n\t\t\t<div class=\"elementor-widget-wrap elementor-element-populated\">\n\t\t\t\t\t\t<div class=\"elementor-element elementor-element-89b6ec4 elementor-widget elementor-widget-text-editor\" data-id=\"89b6ec4\" data-element_type=\"widget\" data-widget_type=\"text-editor.default\">\n\t\t\t\t<div class=\"elementor-widget-container\">\n\t\t\t\t\t\t\t\t\t<p>Imagem: Divulga\u00e7\u00e3o<\/p><div style=\"font-weight: bold; color: #000000; font-family: 'Source Sans Pro', sans, Verdana, sans-serif; font-size: 13.6px;\">\u00a0<\/div><p style=\"font-family: 'Source Serif Pro', serif; font-size: 18px; color: #000000; font-style: normal; font-weight: 400; white-space: pre-wrap;\" data-key=\"51\"><span style=\"color: #666666; font-family: Merriweather, sans-serif; white-space: normal;\">O projeto que realiza atendimentos m\u00e9dicos online e encaminha pacientes com a Covid-19 para unidades de sa\u00fade, prorrogou os servi\u00e7os por mais 60 dias.<\/span><\/p><div class=\"single-content\" style=\"-webkit-font-smoothing: antialiased; text-rendering: optimizelegibility; width: 730px;\" data-post-url=\"\/saude\/alianca-pela-vida-iniciativa-e-prorrogada-por-mais-60-dias\/\" data-post-title=\"Alian\u00e7a pela vida: iniciativa \u00e9 prorrogada por mais 60 dias\"><p style=\"color: #666666; font-family: Merriweather, sans-serif; font-size: 18px; -webkit-font-smoothing: antialiased; text-rendering: optimizelegibility; margin-bottom: 40px; line-height: 1.75;\"><a href=\"https:\/\/ndmais.com.br\/saude\/alianca-pela-vida-iniciativa-e-prorrogada-por-mais-60-dias\/\">Confira mais detalhes na reportagem.<\/a><\/p><div>\u00a0<\/div><\/div>\t\t\t\t\t\t\t\t<\/div>\n\t\t\t\t<\/div>\n\t\t\t\t\t<\/div>\n\t\t<\/div>\n\t\t\t\t\t<\/div>\n\t\t<\/section>\n\t\t\t\t<\/div>\n\t\t","protected":false},"excerpt":{"rendered":"<p>O projeto que realiza atendimentos m\u00e9dicos online e encaminha pacientes com a Covid-19 para unidades de sa\u00fade, prorrogou os servi\u00e7os por mais 60 dias.<\/p>\n","protected":false},"author":1,"featured_media":663,"comment_status":"closed","ping_status":"closed","sticky":true,"template":"","format":"standard","meta":{"footnotes":""},"categories":[6],"tags":[],"class_list":["post-662","post","type-post","status-publish","format-standard","has-post-thumbnail","hentry","category-noticias-alianca-pela-vida"],"yoast_head":"<!-- This site is optimized with the Yoast SEO plugin v27.2 - https:\/\/yoast.com\/product\/yoast-seo-wordpress\/ -->\n<title>Alian\u00e7a pela vida: iniciativa \u00e9 prorrogada por mais 60 dias &#8226; Alian\u00e7a pela Vida<\/title>\n<meta name=\"robots\" content=\"index, follow, max-snippet:-1, max-image-preview:large, max-video-preview:-1\" \/>\n<link rel=\"canonical\" href=\"https:\/\/aliancapelavida.com.br\/floripa\/2021\/04\/29\/alianca-pela-vida-iniciativa-e-prorrogada-por-mais-60-dias\/\" \/>\n<meta property=\"og:locale\" content=\"pt_BR\" \/>\n<meta property=\"og:type\" content=\"article\" \/>\n<meta property=\"og:title\" content=\"Alian\u00e7a pela vida: iniciativa \u00e9 prorrogada por mais 60 dias &#8226; Alian\u00e7a pela Vida\" \/>\n<meta property=\"og:description\" content=\"O projeto que realiza atendimentos m\u00e9dicos online e encaminha pacientes com a Covid-19 para unidades de sa\u00fade, prorrogou os servi\u00e7os por mais 60 dias.\" \/>\n<meta property=\"og:url\" content=\"https:\/\/aliancapelavida.com.br\/floripa\/2021\/04\/29\/alianca-pela-vida-iniciativa-e-prorrogada-por-mais-60-dias\/\" \/>\n<meta property=\"og:site_name\" content=\"Alian\u00e7a pela Vida\" \/>\n<meta property=\"article:published_time\" content=\"2021-04-29T15:19:45+00:00\" \/>\n<meta property=\"article:modified_time\" content=\"2021-05-19T11:09:20+00:00\" \/>\n<meta property=\"og:image\" content=\"https:\/\/aliancapelavida.com.br\/floripa\/wp-content\/uploads\/2021\/04\/apv.jpg\" \/>\n\t<meta property=\"og:image:width\" content=\"907\" \/>\n\t<meta property=\"og:image:height\" content=\"504\" \/>\n\t<meta property=\"og:image:type\" content=\"image\/jpeg\" \/>\n<meta name=\"author\" content=\"lucas.d@acif.org.br\" \/>\n<meta name=\"twitter:card\" content=\"summary_large_image\" \/>\n<meta name=\"twitter:label1\" content=\"Escrito por\" \/>\n\t<meta name=\"twitter:data1\" content=\"lucas.d@acif.org.br\" \/>\n\t<meta name=\"twitter:label2\" content=\"Est. tempo de leitura\" \/>\n\t<meta name=\"twitter:data2\" content=\"1 minuto\" \/>\n<script type=\"application\/ld+json\" class=\"yoast-schema-graph\">{\"@context\":\"https:\/\/schema.org\",\"@graph\":[{\"@type\":\"Article\",\"@id\":\"https:\/\/aliancapelavida.com.br\/floripa\/2021\/04\/29\/alianca-pela-vida-iniciativa-e-prorrogada-por-mais-60-dias\/#article\",\"isPartOf\":{\"@id\":\"https:\/\/aliancapelavida.com.br\/floripa\/2021\/04\/29\/alianca-pela-vida-iniciativa-e-prorrogada-por-mais-60-dias\/\"},\"author\":{\"name\":\"lucas.d@acif.org.br\",\"@id\":\"https:\/\/aliancapelavida.com.br\/floripa\/#\/schema\/person\/4e00d8650ea4ec998a3c004c2b1154a0\"},\"headline\":\"Alian\u00e7a pela vida: iniciativa \u00e9 prorrogada por mais 60 dias\",\"datePublished\":\"2021-04-29T15:19:45+00:00\",\"dateModified\":\"2021-05-19T11:09:20+00:00\",\"mainEntityOfPage\":{\"@id\":\"https:\/\/aliancapelavida.com.br\/floripa\/2021\/04\/29\/alianca-pela-vida-iniciativa-e-prorrogada-por-mais-60-dias\/\"},\"wordCount\":43,\"publisher\":{\"@id\":\"https:\/\/aliancapelavida.com.br\/floripa\/#organization\"},\"image\":{\"@id\":\"https:\/\/aliancapelavida.com.br\/floripa\/2021\/04\/29\/alianca-pela-vida-iniciativa-e-prorrogada-por-mais-60-dias\/#primaryimage\"},\"thumbnailUrl\":\"https:\/\/aliancapelavida.com.br\/floripa\/wp-content\/uploads\/2021\/04\/apv.jpg\",\"articleSection\":[\"Not\u00edcias Alian\u00e7a Pela Vida\"],\"inLanguage\":\"pt-BR\"},{\"@type\":\"WebPage\",\"@id\":\"https:\/\/aliancapelavida.com.br\/floripa\/2021\/04\/29\/alianca-pela-vida-iniciativa-e-prorrogada-por-mais-60-dias\/\",\"url\":\"https:\/\/aliancapelavida.com.br\/floripa\/2021\/04\/29\/alianca-pela-vida-iniciativa-e-prorrogada-por-mais-60-dias\/\",\"name\":\"Alian\u00e7a pela vida: iniciativa \u00e9 prorrogada por mais 60 dias &#8226; Alian\u00e7a pela Vida\",\"isPartOf\":{\"@id\":\"https:\/\/aliancapelavida.com.br\/floripa\/#website\"},\"primaryImageOfPage\":{\"@id\":\"https:\/\/aliancapelavida.com.br\/floripa\/2021\/04\/29\/alianca-pela-vida-iniciativa-e-prorrogada-por-mais-60-dias\/#primaryimage\"},\"image\":{\"@id\":\"https:\/\/aliancapelavida.com.br\/floripa\/2021\/04\/29\/alianca-pela-vida-iniciativa-e-prorrogada-por-mais-60-dias\/#primaryimage\"},\"thumbnailUrl\":\"https:\/\/aliancapelavida.com.br\/floripa\/wp-content\/uploads\/2021\/04\/apv.jpg\",\"datePublished\":\"2021-04-29T15:19:45+00:00\",\"dateModified\":\"2021-05-19T11:09:20+00:00\",\"breadcrumb\":{\"@id\":\"https:\/\/aliancapelavida.com.br\/floripa\/2021\/04\/29\/alianca-pela-vida-iniciativa-e-prorrogada-por-mais-60-dias\/#breadcrumb\"},\"inLanguage\":\"pt-BR\",\"potentialAction\":[{\"@type\":\"ReadAction\",\"target\":[\"https:\/\/aliancapelavida.com.br\/floripa\/2021\/04\/29\/alianca-pela-vida-iniciativa-e-prorrogada-por-mais-60-dias\/\"]}]},{\"@type\":\"ImageObject\",\"inLanguage\":\"pt-BR\",\"@id\":\"https:\/\/aliancapelavida.com.br\/floripa\/2021\/04\/29\/alianca-pela-vida-iniciativa-e-prorrogada-por-mais-60-dias\/#primaryimage\",\"url\":\"https:\/\/aliancapelavida.com.br\/floripa\/wp-content\/uploads\/2021\/04\/apv.jpg\",\"contentUrl\":\"https:\/\/aliancapelavida.com.br\/floripa\/wp-content\/uploads\/2021\/04\/apv.jpg\",\"width\":907,\"height\":504},{\"@type\":\"BreadcrumbList\",\"@id\":\"https:\/\/aliancapelavida.com.br\/floripa\/2021\/04\/29\/alianca-pela-vida-iniciativa-e-prorrogada-por-mais-60-dias\/#breadcrumb\",\"itemListElement\":[{\"@type\":\"ListItem\",\"position\":1,\"name\":\"In\u00edcio\",\"item\":\"https:\/\/aliancapelavida.com.br\/floripa\/\"},{\"@type\":\"ListItem\",\"position\":2,\"name\":\"Alian\u00e7a pela vida: iniciativa \u00e9 prorrogada por mais 60 dias\"}]},{\"@type\":\"WebSite\",\"@id\":\"https:\/\/aliancapelavida.com.br\/floripa\/#website\",\"url\":\"https:\/\/aliancapelavida.com.br\/floripa\/\",\"name\":\"Alian\u00e7a pela Vida\",\"description\":\"Empres&aacute;rios e entidades formam uma alian&ccedil;a pela vida e sa&uacute;de de Florian&oacute;polis.\",\"publisher\":{\"@id\":\"https:\/\/aliancapelavida.com.br\/floripa\/#organization\"},\"potentialAction\":[{\"@type\":\"SearchAction\",\"target\":{\"@type\":\"EntryPoint\",\"urlTemplate\":\"https:\/\/aliancapelavida.com.br\/floripa\/?s={search_term_string}\"},\"query-input\":{\"@type\":\"PropertyValueSpecification\",\"valueRequired\":true,\"valueName\":\"search_term_string\"}}],\"inLanguage\":\"pt-BR\"},{\"@type\":\"Organization\",\"@id\":\"https:\/\/aliancapelavida.com.br\/floripa\/#organization\",\"name\":\"Alian\u00e7a pela Vida\",\"url\":\"https:\/\/aliancapelavida.com.br\/floripa\/\",\"logo\":{\"@type\":\"ImageObject\",\"inLanguage\":\"pt-BR\",\"@id\":\"https:\/\/aliancapelavida.com.br\/floripa\/#\/schema\/logo\/image\/\",\"url\":\"https:\/\/aliancapelavida.com.br\/floripa\/wp-content\/uploads\/2021\/04\/cropped-icone-alianca-pela-vida.png\",\"contentUrl\":\"https:\/\/aliancapelavida.com.br\/floripa\/wp-content\/uploads\/2021\/04\/cropped-icone-alianca-pela-vida.png\",\"width\":512,\"height\":512,\"caption\":\"Alian\u00e7a pela Vida\"},\"image\":{\"@id\":\"https:\/\/aliancapelavida.com.br\/floripa\/#\/schema\/logo\/image\/\"}},{\"@type\":\"Person\",\"@id\":\"https:\/\/aliancapelavida.com.br\/floripa\/#\/schema\/person\/4e00d8650ea4ec998a3c004c2b1154a0\",\"name\":\"lucas.d@acif.org.br\",\"image\":{\"@type\":\"ImageObject\",\"inLanguage\":\"pt-BR\",\"@id\":\"https:\/\/secure.gravatar.com\/avatar\/d49874567149003eef7bf04e691f92017566c9d0619fdaa2beb97c1b98f3252c?s=96&d=mm&r=g\",\"url\":\"https:\/\/secure.gravatar.com\/avatar\/d49874567149003eef7bf04e691f92017566c9d0619fdaa2beb97c1b98f3252c?s=96&d=mm&r=g\",\"contentUrl\":\"https:\/\/secure.gravatar.com\/avatar\/d49874567149003eef7bf04e691f92017566c9d0619fdaa2beb97c1b98f3252c?s=96&d=mm&r=g\",\"caption\":\"lucas.d@acif.org.br\"},\"sameAs\":[\"https:\/\/aliancapelavida.com.br\/floripa\"]}]}<\/script>\n<!-- \/ Yoast SEO plugin. -->","yoast_head_json":{"title":"Alian\u00e7a pela vida: iniciativa \u00e9 prorrogada por mais 60 dias &#8226; Alian\u00e7a pela Vida","robots":{"index":"index","follow":"follow","max-snippet":"max-snippet:-1","max-image-preview":"max-image-preview:large","max-video-preview":"max-video-preview:-1"},"canonical":"https:\/\/aliancapelavida.com.br\/floripa\/2021\/04\/29\/alianca-pela-vida-iniciativa-e-prorrogada-por-mais-60-dias\/","og_locale":"pt_BR","og_type":"article","og_title":"Alian\u00e7a pela vida: iniciativa \u00e9 prorrogada por mais 60 dias &#8226; Alian\u00e7a pela Vida","og_description":"O projeto que realiza atendimentos m\u00e9dicos online e encaminha pacientes com a Covid-19 para unidades de sa\u00fade, prorrogou os servi\u00e7os por mais 60 dias.","og_url":"https:\/\/aliancapelavida.com.br\/floripa\/2021\/04\/29\/alianca-pela-vida-iniciativa-e-prorrogada-por-mais-60-dias\/","og_site_name":"Alian\u00e7a pela Vida","article_published_time":"2021-04-29T15:19:45+00:00","article_modified_time":"2021-05-19T11:09:20+00:00","og_image":[{"width":907,"height":504,"url":"https:\/\/aliancapelavida.com.br\/floripa\/wp-content\/uploads\/2021\/04\/apv.jpg","type":"image\/jpeg"}],"author":"lucas.d@acif.org.br","twitter_card":"summary_large_image","twitter_misc":{"Escrito por":"lucas.d@acif.org.br","Est. tempo de leitura":"1 minuto"},"schema":{"@context":"https:\/\/schema.org","@graph":[{"@type":"Article","@id":"https:\/\/aliancapelavida.com.br\/floripa\/2021\/04\/29\/alianca-pela-vida-iniciativa-e-prorrogada-por-mais-60-dias\/#article","isPartOf":{"@id":"https:\/\/aliancapelavida.com.br\/floripa\/2021\/04\/29\/alianca-pela-vida-iniciativa-e-prorrogada-por-mais-60-dias\/"},"author":{"name":"lucas.d@acif.org.br","@id":"https:\/\/aliancapelavida.com.br\/floripa\/#\/schema\/person\/4e00d8650ea4ec998a3c004c2b1154a0"},"headline":"Alian\u00e7a pela vida: iniciativa \u00e9 prorrogada por mais 60 dias","datePublished":"2021-04-29T15:19:45+00:00","dateModified":"2021-05-19T11:09:20+00:00","mainEntityOfPage":{"@id":"https:\/\/aliancapelavida.com.br\/floripa\/2021\/04\/29\/alianca-pela-vida-iniciativa-e-prorrogada-por-mais-60-dias\/"},"wordCount":43,"publisher":{"@id":"https:\/\/aliancapelavida.com.br\/floripa\/#organization"},"image":{"@id":"https:\/\/aliancapelavida.com.br\/floripa\/2021\/04\/29\/alianca-pela-vida-iniciativa-e-prorrogada-por-mais-60-dias\/#primaryimage"},"thumbnailUrl":"https:\/\/aliancapelavida.com.br\/floripa\/wp-content\/uploads\/2021\/04\/apv.jpg","articleSection":["Not\u00edcias Alian\u00e7a Pela Vida"],"inLanguage":"pt-BR"},{"@type":"WebPage","@id":"https:\/\/aliancapelavida.com.br\/floripa\/2021\/04\/29\/alianca-pela-vida-iniciativa-e-prorrogada-por-mais-60-dias\/","url":"https:\/\/aliancapelavida.com.br\/floripa\/2021\/04\/29\/alianca-pela-vida-iniciativa-e-prorrogada-por-mais-60-dias\/","name":"Alian\u00e7a pela vida: iniciativa \u00e9 prorrogada por mais 60 dias &#8226; Alian\u00e7a pela Vida","isPartOf":{"@id":"https:\/\/aliancapelavida.com.br\/floripa\/#website"},"primaryImageOfPage":{"@id":"https:\/\/aliancapelavida.com.br\/floripa\/2021\/04\/29\/alianca-pela-vida-iniciativa-e-prorrogada-por-mais-60-dias\/#primaryimage"},"image":{"@id":"https:\/\/aliancapelavida.com.br\/floripa\/2021\/04\/29\/alianca-pela-vida-iniciativa-e-prorrogada-por-mais-60-dias\/#primaryimage"},"thumbnailUrl":"https:\/\/aliancapelavida.com.br\/floripa\/wp-content\/uploads\/2021\/04\/apv.jpg","datePublished":"2021-04-29T15:19:45+00:00","dateModified":"2021-05-19T11:09:20+00:00","breadcrumb":{"@id":"https:\/\/aliancapelavida.com.br\/floripa\/2021\/04\/29\/alianca-pela-vida-iniciativa-e-prorrogada-por-mais-60-dias\/#breadcrumb"},"inLanguage":"pt-BR","potentialAction":[{"@type":"ReadAction","target":["https:\/\/aliancapelavida.com.br\/floripa\/2021\/04\/29\/alianca-pela-vida-iniciativa-e-prorrogada-por-mais-60-dias\/"]}]},{"@type":"ImageObject","inLanguage":"pt-BR","@id":"https:\/\/aliancapelavida.com.br\/floripa\/2021\/04\/29\/alianca-pela-vida-iniciativa-e-prorrogada-por-mais-60-dias\/#primaryimage","url":"https:\/\/aliancapelavida.com.br\/floripa\/wp-content\/uploads\/2021\/04\/apv.jpg","contentUrl":"https:\/\/aliancapelavida.com.br\/floripa\/wp-content\/uploads\/2021\/04\/apv.jpg","width":907,"height":504},{"@type":"BreadcrumbList","@id":"https:\/\/aliancapelavida.com.br\/floripa\/2021\/04\/29\/alianca-pela-vida-iniciativa-e-prorrogada-por-mais-60-dias\/#breadcrumb","itemListElement":[{"@type":"ListItem","position":1,"name":"In\u00edcio","item":"https:\/\/aliancapelavida.com.br\/floripa\/"},{"@type":"ListItem","position":2,"name":"Alian\u00e7a pela vida: iniciativa \u00e9 prorrogada por mais 60 dias"}]},{"@type":"WebSite","@id":"https:\/\/aliancapelavida.com.br\/floripa\/#website","url":"https:\/\/aliancapelavida.com.br\/floripa\/","name":"Alian\u00e7a pela Vida","description":"Empres&aacute;rios e entidades formam uma alian&ccedil;a pela vida e sa&uacute;de de Florian&oacute;polis.","publisher":{"@id":"https:\/\/aliancapelavida.com.br\/floripa\/#organization"},"potentialAction":[{"@type":"SearchAction","target":{"@type":"EntryPoint","urlTemplate":"https:\/\/aliancapelavida.com.br\/floripa\/?s={search_term_string}"},"query-input":{"@type":"PropertyValueSpecification","valueRequired":true,"valueName":"search_term_string"}}],"inLanguage":"pt-BR"},{"@type":"Organization","@id":"https:\/\/aliancapelavida.com.br\/floripa\/#organization","name":"Alian\u00e7a pela Vida","url":"https:\/\/aliancapelavida.com.br\/floripa\/","logo":{"@type":"ImageObject","inLanguage":"pt-BR","@id":"https:\/\/aliancapelavida.com.br\/floripa\/#\/schema\/logo\/image\/","url":"https:\/\/aliancapelavida.com.br\/floripa\/wp-content\/uploads\/2021\/04\/cropped-icone-alianca-pela-vida.png","contentUrl":"https:\/\/aliancapelavida.com.br\/floripa\/wp-content\/uploads\/2021\/04\/cropped-icone-alianca-pela-vida.png","width":512,"height":512,"caption":"Alian\u00e7a pela Vida"},"image":{"@id":"https:\/\/aliancapelavida.com.br\/floripa\/#\/schema\/logo\/image\/"}},{"@type":"Person","@id":"https:\/\/aliancapelavida.com.br\/floripa\/#\/schema\/person\/4e00d8650ea4ec998a3c004c2b1154a0","name":"lucas.d@acif.org.br","image":{"@type":"ImageObject","inLanguage":"pt-BR","@id":"https:\/\/secure.gravatar.com\/avatar\/d49874567149003eef7bf04e691f92017566c9d0619fdaa2beb97c1b98f3252c?s=96&d=mm&r=g","url":"https:\/\/secure.gravatar.com\/avatar\/d49874567149003eef7bf04e691f92017566c9d0619fdaa2beb97c1b98f3252c?s=96&d=mm&r=g","contentUrl":"https:\/\/secure.gravatar.com\/avatar\/d49874567149003eef7bf04e691f92017566c9d0619fdaa2beb97c1b98f3252c?s=96&d=mm&r=g","caption":"lucas.d@acif.org.br"},"sameAs":["https:\/\/aliancapelavida.com.br\/floripa"]}]}},"_links":{"self":[{"href":"https:\/\/aliancapelavida.com.br\/floripa\/wp-json\/wp\/v2\/posts\/662","targetHints":{"allow":["GET"]}}],"collection":[{"href":"https:\/\/aliancapelavida.com.br\/floripa\/wp-json\/wp\/v2\/posts"}],"about":[{"href":"https:\/\/aliancapelavida.com.br\/floripa\/wp-json\/wp\/v2\/types\/post"}],"author":[{"embeddable":true,"href":"https:\/\/aliancapelavida.com.br\/floripa\/wp-json\/wp\/v2\/users\/1"}],"replies":[{"embeddable":true,"href":"https:\/\/aliancapelavida.com.br\/floripa\/wp-json\/wp\/v2\/comments?post=662"}],"version-history":[{"count":5,"href":"https:\/\/aliancapelavida.com.br\/floripa\/wp-json\/wp\/v2\/posts\/662\/revisions"}],"predecessor-version":[{"id":669,"href":"https:\/\/aliancapelavida.com.br\/floripa\/wp-json\/wp\/v2\/posts\/662\/revisions\/669"}],"wp:featuredmedia":[{"embeddable":true,"href":"https:\/\/aliancapelavida.com.br\/floripa\/wp-json\/wp\/v2\/media\/663"}],"wp:attachment":[{"href":"https:\/\/aliancapelavida.com.br\/floripa\/wp-json\/wp\/v2\/media?parent=662"}],"wp:term":[{"taxonomy":"category","embeddable":true,"href":"https:\/\/aliancapelavida.com.br\/floripa\/wp-json\/wp\/v2\/categories?post=662"},{"taxonomy":"post_tag","embeddable":true,"href":"https:\/\/aliancapelavida.com.br\/floripa\/wp-json\/wp\/v2\/tags?post=662"}],"curies":[{"name":"wp","href":"https:\/\/api.w.org\/{rel}","templated":true}]}}