{"id":591,"date":"2021-04-15T17:48:16","date_gmt":"2021-04-15T17:48:16","guid":{"rendered":"https:\/\/aliancapelavida.com.br\/floripa\/?p=591"},"modified":"2021-04-15T17:55:11","modified_gmt":"2021-04-15T17:55:11","slug":"alianca-pela-vida-iniciativa-do-setor-produtivo-ja-atendeu-1355-pacientes-de-covid-19-na-grande-florianopolis","status":"publish","type":"post","link":"https:\/\/aliancapelavida.com.br\/floripa\/2021\/04\/15\/alianca-pela-vida-iniciativa-do-setor-produtivo-ja-atendeu-1355-pacientes-de-covid-19-na-grande-florianopolis\/","title":{"rendered":"Alian\u00e7a Pela Vida: Cerca de 70% dos pacientes atendidos apresentaram melhora"},"content":{"rendered":"\t\t<div data-elementor-type=\"wp-post\" data-elementor-id=\"591\" class=\"elementor elementor-591\">\n\t\t\t\t\t\t<section class=\"elementor-section elementor-top-section elementor-element elementor-element-411cabd5 elementor-section-boxed elementor-section-height-default elementor-section-height-default\" data-id=\"411cabd5\" data-element_type=\"section\">\n\t\t\t\t\t\t<div class=\"elementor-container elementor-column-gap-default\">\n\t\t\t\t\t<div class=\"elementor-column elementor-col-100 elementor-top-column elementor-element elementor-element-7d25175d\" data-id=\"7d25175d\" data-element_type=\"column\">\n\t\t\t<div class=\"elementor-widget-wrap elementor-element-populated\">\n\t\t\t\t\t\t<div class=\"elementor-element elementor-element-2b6e310d elementor-widget elementor-widget-text-editor\" data-id=\"2b6e310d\" data-element_type=\"widget\" data-widget_type=\"text-editor.default\">\n\t\t\t\t<div class=\"elementor-widget-container\">\n\t\t\t\t\t\t\t\t\t<p><\/p>\n<h1 style=\"margin: 0cm;\">\u00a0<\/h1>\n<h1 class=\"artigo-titulo\">Alian\u00e7a Pela Vida: Cerca de 70% dos pacientes atendidos apresentaram melhora<\/h1>\n<p>\u00a0<\/p>\n<h5 class=\"artigo-resumo\">\u00daltimo levantamento contabilizou 2.526 atendimentos na Grande Florian\u00f3polis<\/h5>\n<div>\u00a0<\/div>\n<div>\u00a0<\/div>\n<h1 style=\"font-style: normal;\"><img fetchpriority=\"high\" decoding=\"async\" class=\"aligncenter wp-image-592\" src=\"https:\/\/aliancapelavida.com.br\/floripa\/wp-content\/uploads\/2021\/04\/16185044743200.jpg\" alt=\"\" width=\"800\" height=\"568\" srcset=\"https:\/\/aliancapelavida.com.br\/floripa\/wp-content\/uploads\/2021\/04\/16185044743200.jpg 1024w, https:\/\/aliancapelavida.com.br\/floripa\/wp-content\/uploads\/2021\/04\/16185044743200-300x213.jpg 300w, https:\/\/aliancapelavida.com.br\/floripa\/wp-content\/uploads\/2021\/04\/16185044743200-768x545.jpg 768w\" sizes=\"(max-width: 800px) 100vw, 800px\" \/><\/h1>\n<div>\u00a0<\/div>\n<div>Entre 21 de mar\u00e7o at\u00e9 esta quarta-feira (14), foram registrados 2.526 atendimentos do servi\u00e7o Alian\u00e7a Pela Vida, iniciativa do setor produtivo da Grande Florian\u00f3polis para conter o colapso das unidades de sa\u00fade da regi\u00e3o. Deste total, 68% dos pacientes apresentaram melhora no quadro de sa\u00fade, com atendimentos encerrados &#8211; 31% deles est\u00e3o em monitoramento e 1% foram removidos por UTI M\u00f3vel a UPAs e hospitais.<\/div>\n<div><br \/>&#8220;O protocolo do tratamento consiste em diminuir a replica\u00e7\u00e3o viral, melhorar os sintomas, reduzir a atividade infamat\u00f3ria, tratar infec\u00e7\u00e3o pulmonar secund\u00e1ria, prevenir eventos tromb\u00f3ticos e tratar hipoxemia silenciosa&#8221;, explica o diretor m\u00e9dico da Help Emerg\u00eancias M\u00e9dicas, Gustavo Ayala. A empresa foi contratada para o servi\u00e7o, que contempla telemedicina, controle di\u00e1rio dos pacientes e encaminhamentos para casos mais graves.<\/div>\n<div><br \/>At\u00e9 agora foram arrecadados mais de R$ 3,6 milh\u00f5es para o projeto Alian\u00e7a Pela Vida, cujo contato \u00e9 acess\u00edvel a todos pelo telefone 0800 402 000.<\/div>\n<div>\u00a0<\/div>\n<div>\u00a0<\/div>\n<div><b>Exames gratuitos<\/b><\/div>\n<div><b><br \/><\/b>O Laborat\u00f3rio Santa Luzia, que integra o Dasa, doou 5.935 exames \u00e0 a\u00e7\u00e3o, essenciais para o diagn\u00f3stico e tratamento. Ser\u00e3o realizados Ant\u00edgeno (Covid), Prote\u00edna C Reativa, Hemograma, D\u00edmero D e Creatinina. Todos os pacientes t\u00eam seus exames para diagn\u00f3stico e acompanhamento do estado de sa\u00fade.<\/div>\n<div><br \/>A for\u00e7a-tarefa une a Associa\u00e7\u00e3o Empresarial de Florian\u00f3polis (ACIF), a C\u00e2mara de Dirigentes Lojistas (CDL) de Florian\u00f3polis, a empresa Engie Brasil Energia, o Sinduscon Grande Florian\u00f3polis, a Associa\u00e7\u00e3o Catarinense de Tecnologia (Acate), a Associa\u00e7\u00e3o Empresarial da Regi\u00e3o Metropolitana de Florian\u00f3polis (AEMFLO), a CDL S\u00e3o Jos\u00e9, o movimento Floripa Sustent\u00e1vel, a Associa\u00e7\u00e3o Catarinense de Medicina (ACM), a Federa\u00e7\u00e3o das Ind\u00fastrias de SC (Fiesc), a OAB\/SC, o Laborat\u00f3rio Santa Luzia\/DASA e a Intelbras.<\/div>\n<div>\u00a0<\/div>\n<div>Fonte: <a href=\"http:\/\/rcnonline.com.br\/geral\/alian%C3%A7a-pela-vida-cerca-de-70-dos-pacientes-atendidos-apresentaram-melhora-1.2321316\">http:\/\/rcnonline.com.br\/geral\/alian%C3%A7a-pela-vida-cerca-de-70-dos-pacientes-atendidos-apresentaram-melhora-1.2321316<\/a><\/div>\t\t\t\t\t\t\t\t<\/div>\n\t\t\t\t<\/div>\n\t\t\t\t\t<\/div>\n\t\t<\/div>\n\t\t\t\t\t<\/div>\n\t\t<\/section>\n\t\t\t\t<\/div>\n\t\t","protected":false},"excerpt":{"rendered":"","protected":false},"author":1,"featured_media":592,"comment_status":"open","ping_status":"open","sticky":false,"template":"elementor_canvas","format":"standard","meta":{"footnotes":""},"categories":[6],"tags":[],"class_list":["post-591","post","type-post","status-publish","format-standard","has-post-thumbnail","hentry","category-noticias-alianca-pela-vida"],"yoast_head":"<!-- This site is optimized with the Yoast SEO plugin v27.2 - https:\/\/yoast.com\/product\/yoast-seo-wordpress\/ -->\n<title>Alian\u00e7a Pela Vida: Cerca de 70% dos pacientes atendidos apresentaram melhora &#8226; Alian\u00e7a pela Vida<\/title>\n<meta name=\"robots\" content=\"index, follow, max-snippet:-1, max-image-preview:large, max-video-preview:-1\" \/>\n<link rel=\"canonical\" href=\"https:\/\/aliancapelavida.com.br\/floripa\/2021\/04\/15\/alianca-pela-vida-iniciativa-do-setor-produtivo-ja-atendeu-1355-pacientes-de-covid-19-na-grande-florianopolis\/\" \/>\n<meta property=\"og:locale\" content=\"pt_BR\" \/>\n<meta property=\"og:type\" content=\"article\" \/>\n<meta property=\"og:title\" content=\"Alian\u00e7a Pela Vida: Cerca de 70% dos pacientes atendidos apresentaram melhora &#8226; Alian\u00e7a pela Vida\" \/>\n<meta property=\"og:url\" content=\"https:\/\/aliancapelavida.com.br\/floripa\/2021\/04\/15\/alianca-pela-vida-iniciativa-do-setor-produtivo-ja-atendeu-1355-pacientes-de-covid-19-na-grande-florianopolis\/\" \/>\n<meta property=\"og:site_name\" content=\"Alian\u00e7a pela Vida\" \/>\n<meta property=\"article:published_time\" content=\"2021-04-15T17:48:16+00:00\" \/>\n<meta property=\"article:modified_time\" content=\"2021-04-15T17:55:11+00:00\" \/>\n<meta property=\"og:image\" content=\"https:\/\/aliancapelavida.com.br\/floripa\/wp-content\/uploads\/2021\/04\/16185044743200.jpg\" \/>\n\t<meta property=\"og:image:width\" content=\"1024\" \/>\n\t<meta property=\"og:image:height\" content=\"727\" \/>\n\t<meta property=\"og:image:type\" content=\"image\/jpeg\" \/>\n<meta name=\"author\" content=\"lucas.d@acif.org.br\" \/>\n<meta name=\"twitter:card\" content=\"summary_large_image\" \/>\n<meta name=\"twitter:label1\" content=\"Escrito por\" \/>\n\t<meta name=\"twitter:data1\" content=\"lucas.d@acif.org.br\" \/>\n\t<meta name=\"twitter:label2\" content=\"Est. tempo de leitura\" \/>\n\t<meta name=\"twitter:data2\" content=\"2 minutos\" \/>\n<script type=\"application\/ld+json\" class=\"yoast-schema-graph\">{\"@context\":\"https:\/\/schema.org\",\"@graph\":[{\"@type\":\"Article\",\"@id\":\"https:\/\/aliancapelavida.com.br\/floripa\/2021\/04\/15\/alianca-pela-vida-iniciativa-do-setor-produtivo-ja-atendeu-1355-pacientes-de-covid-19-na-grande-florianopolis\/#article\",\"isPartOf\":{\"@id\":\"https:\/\/aliancapelavida.com.br\/floripa\/2021\/04\/15\/alianca-pela-vida-iniciativa-do-setor-produtivo-ja-atendeu-1355-pacientes-de-covid-19-na-grande-florianopolis\/\"},\"author\":{\"name\":\"lucas.d@acif.org.br\",\"@id\":\"https:\/\/aliancapelavida.com.br\/floripa\/#\/schema\/person\/4e00d8650ea4ec998a3c004c2b1154a0\"},\"headline\":\"Alian\u00e7a Pela Vida: Cerca de 70% dos pacientes atendidos apresentaram melhora\",\"datePublished\":\"2021-04-15T17:48:16+00:00\",\"dateModified\":\"2021-04-15T17:55:11+00:00\",\"mainEntityOfPage\":{\"@id\":\"https:\/\/aliancapelavida.com.br\/floripa\/2021\/04\/15\/alianca-pela-vida-iniciativa-do-setor-produtivo-ja-atendeu-1355-pacientes-de-covid-19-na-grande-florianopolis\/\"},\"wordCount\":345,\"commentCount\":0,\"publisher\":{\"@id\":\"https:\/\/aliancapelavida.com.br\/floripa\/#organization\"},\"image\":{\"@id\":\"https:\/\/aliancapelavida.com.br\/floripa\/2021\/04\/15\/alianca-pela-vida-iniciativa-do-setor-produtivo-ja-atendeu-1355-pacientes-de-covid-19-na-grande-florianopolis\/#primaryimage\"},\"thumbnailUrl\":\"https:\/\/aliancapelavida.com.br\/floripa\/wp-content\/uploads\/2021\/04\/16185044743200.jpg\",\"articleSection\":[\"Not\u00edcias Alian\u00e7a Pela Vida\"],\"inLanguage\":\"pt-BR\",\"potentialAction\":[{\"@type\":\"CommentAction\",\"name\":\"Comment\",\"target\":[\"https:\/\/aliancapelavida.com.br\/floripa\/2021\/04\/15\/alianca-pela-vida-iniciativa-do-setor-produtivo-ja-atendeu-1355-pacientes-de-covid-19-na-grande-florianopolis\/#respond\"]}]},{\"@type\":\"WebPage\",\"@id\":\"https:\/\/aliancapelavida.com.br\/floripa\/2021\/04\/15\/alianca-pela-vida-iniciativa-do-setor-produtivo-ja-atendeu-1355-pacientes-de-covid-19-na-grande-florianopolis\/\",\"url\":\"https:\/\/aliancapelavida.com.br\/floripa\/2021\/04\/15\/alianca-pela-vida-iniciativa-do-setor-produtivo-ja-atendeu-1355-pacientes-de-covid-19-na-grande-florianopolis\/\",\"name\":\"Alian\u00e7a Pela Vida: Cerca de 70% dos pacientes atendidos apresentaram melhora &#8226; Alian\u00e7a pela Vida\",\"isPartOf\":{\"@id\":\"https:\/\/aliancapelavida.com.br\/floripa\/#website\"},\"primaryImageOfPage\":{\"@id\":\"https:\/\/aliancapelavida.com.br\/floripa\/2021\/04\/15\/alianca-pela-vida-iniciativa-do-setor-produtivo-ja-atendeu-1355-pacientes-de-covid-19-na-grande-florianopolis\/#primaryimage\"},\"image\":{\"@id\":\"https:\/\/aliancapelavida.com.br\/floripa\/2021\/04\/15\/alianca-pela-vida-iniciativa-do-setor-produtivo-ja-atendeu-1355-pacientes-de-covid-19-na-grande-florianopolis\/#primaryimage\"},\"thumbnailUrl\":\"https:\/\/aliancapelavida.com.br\/floripa\/wp-content\/uploads\/2021\/04\/16185044743200.jpg\",\"datePublished\":\"2021-04-15T17:48:16+00:00\",\"dateModified\":\"2021-04-15T17:55:11+00:00\",\"breadcrumb\":{\"@id\":\"https:\/\/aliancapelavida.com.br\/floripa\/2021\/04\/15\/alianca-pela-vida-iniciativa-do-setor-produtivo-ja-atendeu-1355-pacientes-de-covid-19-na-grande-florianopolis\/#breadcrumb\"},\"inLanguage\":\"pt-BR\",\"potentialAction\":[{\"@type\":\"ReadAction\",\"target\":[\"https:\/\/aliancapelavida.com.br\/floripa\/2021\/04\/15\/alianca-pela-vida-iniciativa-do-setor-produtivo-ja-atendeu-1355-pacientes-de-covid-19-na-grande-florianopolis\/\"]}]},{\"@type\":\"ImageObject\",\"inLanguage\":\"pt-BR\",\"@id\":\"https:\/\/aliancapelavida.com.br\/floripa\/2021\/04\/15\/alianca-pela-vida-iniciativa-do-setor-produtivo-ja-atendeu-1355-pacientes-de-covid-19-na-grande-florianopolis\/#primaryimage\",\"url\":\"https:\/\/aliancapelavida.com.br\/floripa\/wp-content\/uploads\/2021\/04\/16185044743200.jpg\",\"contentUrl\":\"https:\/\/aliancapelavida.com.br\/floripa\/wp-content\/uploads\/2021\/04\/16185044743200.jpg\",\"width\":1024,\"height\":727},{\"@type\":\"BreadcrumbList\",\"@id\":\"https:\/\/aliancapelavida.com.br\/floripa\/2021\/04\/15\/alianca-pela-vida-iniciativa-do-setor-produtivo-ja-atendeu-1355-pacientes-de-covid-19-na-grande-florianopolis\/#breadcrumb\",\"itemListElement\":[{\"@type\":\"ListItem\",\"position\":1,\"name\":\"In\u00edcio\",\"item\":\"https:\/\/aliancapelavida.com.br\/floripa\/\"},{\"@type\":\"ListItem\",\"position\":2,\"name\":\"Alian\u00e7a Pela Vida: Cerca de 70% dos pacientes atendidos apresentaram melhora\"}]},{\"@type\":\"WebSite\",\"@id\":\"https:\/\/aliancapelavida.com.br\/floripa\/#website\",\"url\":\"https:\/\/aliancapelavida.com.br\/floripa\/\",\"name\":\"Alian\u00e7a pela Vida\",\"description\":\"Empres&aacute;rios e entidades formam uma alian&ccedil;a pela vida e sa&uacute;de de Florian&oacute;polis.\",\"publisher\":{\"@id\":\"https:\/\/aliancapelavida.com.br\/floripa\/#organization\"},\"potentialAction\":[{\"@type\":\"SearchAction\",\"target\":{\"@type\":\"EntryPoint\",\"urlTemplate\":\"https:\/\/aliancapelavida.com.br\/floripa\/?s={search_term_string}\"},\"query-input\":{\"@type\":\"PropertyValueSpecification\",\"valueRequired\":true,\"valueName\":\"search_term_string\"}}],\"inLanguage\":\"pt-BR\"},{\"@type\":\"Organization\",\"@id\":\"https:\/\/aliancapelavida.com.br\/floripa\/#organization\",\"name\":\"Alian\u00e7a pela Vida\",\"url\":\"https:\/\/aliancapelavida.com.br\/floripa\/\",\"logo\":{\"@type\":\"ImageObject\",\"inLanguage\":\"pt-BR\",\"@id\":\"https:\/\/aliancapelavida.com.br\/floripa\/#\/schema\/logo\/image\/\",\"url\":\"https:\/\/aliancapelavida.com.br\/floripa\/wp-content\/uploads\/2021\/04\/cropped-icone-alianca-pela-vida.png\",\"contentUrl\":\"https:\/\/aliancapelavida.com.br\/floripa\/wp-content\/uploads\/2021\/04\/cropped-icone-alianca-pela-vida.png\",\"width\":512,\"height\":512,\"caption\":\"Alian\u00e7a pela Vida\"},\"image\":{\"@id\":\"https:\/\/aliancapelavida.com.br\/floripa\/#\/schema\/logo\/image\/\"}},{\"@type\":\"Person\",\"@id\":\"https:\/\/aliancapelavida.com.br\/floripa\/#\/schema\/person\/4e00d8650ea4ec998a3c004c2b1154a0\",\"name\":\"lucas.d@acif.org.br\",\"image\":{\"@type\":\"ImageObject\",\"inLanguage\":\"pt-BR\",\"@id\":\"https:\/\/secure.gravatar.com\/avatar\/d49874567149003eef7bf04e691f92017566c9d0619fdaa2beb97c1b98f3252c?s=96&d=mm&r=g\",\"url\":\"https:\/\/secure.gravatar.com\/avatar\/d49874567149003eef7bf04e691f92017566c9d0619fdaa2beb97c1b98f3252c?s=96&d=mm&r=g\",\"contentUrl\":\"https:\/\/secure.gravatar.com\/avatar\/d49874567149003eef7bf04e691f92017566c9d0619fdaa2beb97c1b98f3252c?s=96&d=mm&r=g\",\"caption\":\"lucas.d@acif.org.br\"},\"sameAs\":[\"https:\/\/aliancapelavida.com.br\/floripa\"]}]}<\/script>\n<!-- \/ Yoast SEO plugin. -->","yoast_head_json":{"title":"Alian\u00e7a Pela Vida: Cerca de 70% dos pacientes atendidos apresentaram melhora &#8226; Alian\u00e7a pela Vida","robots":{"index":"index","follow":"follow","max-snippet":"max-snippet:-1","max-image-preview":"max-image-preview:large","max-video-preview":"max-video-preview:-1"},"canonical":"https:\/\/aliancapelavida.com.br\/floripa\/2021\/04\/15\/alianca-pela-vida-iniciativa-do-setor-produtivo-ja-atendeu-1355-pacientes-de-covid-19-na-grande-florianopolis\/","og_locale":"pt_BR","og_type":"article","og_title":"Alian\u00e7a Pela Vida: Cerca de 70% dos pacientes atendidos apresentaram melhora &#8226; Alian\u00e7a pela Vida","og_url":"https:\/\/aliancapelavida.com.br\/floripa\/2021\/04\/15\/alianca-pela-vida-iniciativa-do-setor-produtivo-ja-atendeu-1355-pacientes-de-covid-19-na-grande-florianopolis\/","og_site_name":"Alian\u00e7a pela Vida","article_published_time":"2021-04-15T17:48:16+00:00","article_modified_time":"2021-04-15T17:55:11+00:00","og_image":[{"width":1024,"height":727,"url":"https:\/\/aliancapelavida.com.br\/floripa\/wp-content\/uploads\/2021\/04\/16185044743200.jpg","type":"image\/jpeg"}],"author":"lucas.d@acif.org.br","twitter_card":"summary_large_image","twitter_misc":{"Escrito por":"lucas.d@acif.org.br","Est. tempo de leitura":"2 minutos"},"schema":{"@context":"https:\/\/schema.org","@graph":[{"@type":"Article","@id":"https:\/\/aliancapelavida.com.br\/floripa\/2021\/04\/15\/alianca-pela-vida-iniciativa-do-setor-produtivo-ja-atendeu-1355-pacientes-de-covid-19-na-grande-florianopolis\/#article","isPartOf":{"@id":"https:\/\/aliancapelavida.com.br\/floripa\/2021\/04\/15\/alianca-pela-vida-iniciativa-do-setor-produtivo-ja-atendeu-1355-pacientes-de-covid-19-na-grande-florianopolis\/"},"author":{"name":"lucas.d@acif.org.br","@id":"https:\/\/aliancapelavida.com.br\/floripa\/#\/schema\/person\/4e00d8650ea4ec998a3c004c2b1154a0"},"headline":"Alian\u00e7a Pela Vida: Cerca de 70% dos pacientes atendidos apresentaram melhora","datePublished":"2021-04-15T17:48:16+00:00","dateModified":"2021-04-15T17:55:11+00:00","mainEntityOfPage":{"@id":"https:\/\/aliancapelavida.com.br\/floripa\/2021\/04\/15\/alianca-pela-vida-iniciativa-do-setor-produtivo-ja-atendeu-1355-pacientes-de-covid-19-na-grande-florianopolis\/"},"wordCount":345,"commentCount":0,"publisher":{"@id":"https:\/\/aliancapelavida.com.br\/floripa\/#organization"},"image":{"@id":"https:\/\/aliancapelavida.com.br\/floripa\/2021\/04\/15\/alianca-pela-vida-iniciativa-do-setor-produtivo-ja-atendeu-1355-pacientes-de-covid-19-na-grande-florianopolis\/#primaryimage"},"thumbnailUrl":"https:\/\/aliancapelavida.com.br\/floripa\/wp-content\/uploads\/2021\/04\/16185044743200.jpg","articleSection":["Not\u00edcias Alian\u00e7a Pela Vida"],"inLanguage":"pt-BR","potentialAction":[{"@type":"CommentAction","name":"Comment","target":["https:\/\/aliancapelavida.com.br\/floripa\/2021\/04\/15\/alianca-pela-vida-iniciativa-do-setor-produtivo-ja-atendeu-1355-pacientes-de-covid-19-na-grande-florianopolis\/#respond"]}]},{"@type":"WebPage","@id":"https:\/\/aliancapelavida.com.br\/floripa\/2021\/04\/15\/alianca-pela-vida-iniciativa-do-setor-produtivo-ja-atendeu-1355-pacientes-de-covid-19-na-grande-florianopolis\/","url":"https:\/\/aliancapelavida.com.br\/floripa\/2021\/04\/15\/alianca-pela-vida-iniciativa-do-setor-produtivo-ja-atendeu-1355-pacientes-de-covid-19-na-grande-florianopolis\/","name":"Alian\u00e7a Pela Vida: Cerca de 70% dos pacientes atendidos apresentaram melhora &#8226; Alian\u00e7a pela Vida","isPartOf":{"@id":"https:\/\/aliancapelavida.com.br\/floripa\/#website"},"primaryImageOfPage":{"@id":"https:\/\/aliancapelavida.com.br\/floripa\/2021\/04\/15\/alianca-pela-vida-iniciativa-do-setor-produtivo-ja-atendeu-1355-pacientes-de-covid-19-na-grande-florianopolis\/#primaryimage"},"image":{"@id":"https:\/\/aliancapelavida.com.br\/floripa\/2021\/04\/15\/alianca-pela-vida-iniciativa-do-setor-produtivo-ja-atendeu-1355-pacientes-de-covid-19-na-grande-florianopolis\/#primaryimage"},"thumbnailUrl":"https:\/\/aliancapelavida.com.br\/floripa\/wp-content\/uploads\/2021\/04\/16185044743200.jpg","datePublished":"2021-04-15T17:48:16+00:00","dateModified":"2021-04-15T17:55:11+00:00","breadcrumb":{"@id":"https:\/\/aliancapelavida.com.br\/floripa\/2021\/04\/15\/alianca-pela-vida-iniciativa-do-setor-produtivo-ja-atendeu-1355-pacientes-de-covid-19-na-grande-florianopolis\/#breadcrumb"},"inLanguage":"pt-BR","potentialAction":[{"@type":"ReadAction","target":["https:\/\/aliancapelavida.com.br\/floripa\/2021\/04\/15\/alianca-pela-vida-iniciativa-do-setor-produtivo-ja-atendeu-1355-pacientes-de-covid-19-na-grande-florianopolis\/"]}]},{"@type":"ImageObject","inLanguage":"pt-BR","@id":"https:\/\/aliancapelavida.com.br\/floripa\/2021\/04\/15\/alianca-pela-vida-iniciativa-do-setor-produtivo-ja-atendeu-1355-pacientes-de-covid-19-na-grande-florianopolis\/#primaryimage","url":"https:\/\/aliancapelavida.com.br\/floripa\/wp-content\/uploads\/2021\/04\/16185044743200.jpg","contentUrl":"https:\/\/aliancapelavida.com.br\/floripa\/wp-content\/uploads\/2021\/04\/16185044743200.jpg","width":1024,"height":727},{"@type":"BreadcrumbList","@id":"https:\/\/aliancapelavida.com.br\/floripa\/2021\/04\/15\/alianca-pela-vida-iniciativa-do-setor-produtivo-ja-atendeu-1355-pacientes-de-covid-19-na-grande-florianopolis\/#breadcrumb","itemListElement":[{"@type":"ListItem","position":1,"name":"In\u00edcio","item":"https:\/\/aliancapelavida.com.br\/floripa\/"},{"@type":"ListItem","position":2,"name":"Alian\u00e7a Pela Vida: Cerca de 70% dos pacientes atendidos apresentaram melhora"}]},{"@type":"WebSite","@id":"https:\/\/aliancapelavida.com.br\/floripa\/#website","url":"https:\/\/aliancapelavida.com.br\/floripa\/","name":"Alian\u00e7a pela Vida","description":"Empres&aacute;rios e entidades formam uma alian&ccedil;a pela vida e sa&uacute;de de Florian&oacute;polis.","publisher":{"@id":"https:\/\/aliancapelavida.com.br\/floripa\/#organization"},"potentialAction":[{"@type":"SearchAction","target":{"@type":"EntryPoint","urlTemplate":"https:\/\/aliancapelavida.com.br\/floripa\/?s={search_term_string}"},"query-input":{"@type":"PropertyValueSpecification","valueRequired":true,"valueName":"search_term_string"}}],"inLanguage":"pt-BR"},{"@type":"Organization","@id":"https:\/\/aliancapelavida.com.br\/floripa\/#organization","name":"Alian\u00e7a pela Vida","url":"https:\/\/aliancapelavida.com.br\/floripa\/","logo":{"@type":"ImageObject","inLanguage":"pt-BR","@id":"https:\/\/aliancapelavida.com.br\/floripa\/#\/schema\/logo\/image\/","url":"https:\/\/aliancapelavida.com.br\/floripa\/wp-content\/uploads\/2021\/04\/cropped-icone-alianca-pela-vida.png","contentUrl":"https:\/\/aliancapelavida.com.br\/floripa\/wp-content\/uploads\/2021\/04\/cropped-icone-alianca-pela-vida.png","width":512,"height":512,"caption":"Alian\u00e7a pela Vida"},"image":{"@id":"https:\/\/aliancapelavida.com.br\/floripa\/#\/schema\/logo\/image\/"}},{"@type":"Person","@id":"https:\/\/aliancapelavida.com.br\/floripa\/#\/schema\/person\/4e00d8650ea4ec998a3c004c2b1154a0","name":"lucas.d@acif.org.br","image":{"@type":"ImageObject","inLanguage":"pt-BR","@id":"https:\/\/secure.gravatar.com\/avatar\/d49874567149003eef7bf04e691f92017566c9d0619fdaa2beb97c1b98f3252c?s=96&d=mm&r=g","url":"https:\/\/secure.gravatar.com\/avatar\/d49874567149003eef7bf04e691f92017566c9d0619fdaa2beb97c1b98f3252c?s=96&d=mm&r=g","contentUrl":"https:\/\/secure.gravatar.com\/avatar\/d49874567149003eef7bf04e691f92017566c9d0619fdaa2beb97c1b98f3252c?s=96&d=mm&r=g","caption":"lucas.d@acif.org.br"},"sameAs":["https:\/\/aliancapelavida.com.br\/floripa"]}]}},"_links":{"self":[{"href":"https:\/\/aliancapelavida.com.br\/floripa\/wp-json\/wp\/v2\/posts\/591","targetHints":{"allow":["GET"]}}],"collection":[{"href":"https:\/\/aliancapelavida.com.br\/floripa\/wp-json\/wp\/v2\/posts"}],"about":[{"href":"https:\/\/aliancapelavida.com.br\/floripa\/wp-json\/wp\/v2\/types\/post"}],"author":[{"embeddable":true,"href":"https:\/\/aliancapelavida.com.br\/floripa\/wp-json\/wp\/v2\/users\/1"}],"replies":[{"embeddable":true,"href":"https:\/\/aliancapelavida.com.br\/floripa\/wp-json\/wp\/v2\/comments?post=591"}],"version-history":[{"count":8,"href":"https:\/\/aliancapelavida.com.br\/floripa\/wp-json\/wp\/v2\/posts\/591\/revisions"}],"predecessor-version":[{"id":600,"href":"https:\/\/aliancapelavida.com.br\/floripa\/wp-json\/wp\/v2\/posts\/591\/revisions\/600"}],"wp:featuredmedia":[{"embeddable":true,"href":"https:\/\/aliancapelavida.com.br\/floripa\/wp-json\/wp\/v2\/media\/592"}],"wp:attachment":[{"href":"https:\/\/aliancapelavida.com.br\/floripa\/wp-json\/wp\/v2\/media?parent=591"}],"wp:term":[{"taxonomy":"category","embeddable":true,"href":"https:\/\/aliancapelavida.com.br\/floripa\/wp-json\/wp\/v2\/categories?post=591"},{"taxonomy":"post_tag","embeddable":true,"href":"https:\/\/aliancapelavida.com.br\/floripa\/wp-json\/wp\/v2\/tags?post=591"}],"curies":[{"name":"wp","href":"https:\/\/api.w.org\/{rel}","templated":true}]}}