{"id":550,"date":"2021-04-13T22:46:12","date_gmt":"2021-04-13T22:46:12","guid":{"rendered":"https:\/\/aliancapelavida.com.br\/floripa\/?p=550"},"modified":"2021-04-13T22:59:05","modified_gmt":"2021-04-13T22:59:05","slug":"servico-alianca-pela-vida-realiza-mais-de-550-atendimentos-em-48-horas","status":"publish","type":"post","link":"https:\/\/aliancapelavida.com.br\/floripa\/2021\/04\/13\/servico-alianca-pela-vida-realiza-mais-de-550-atendimentos-em-48-horas\/","title":{"rendered":"Alian\u00e7a Pela Vida: Iniciativa do setor produtivo j\u00e1 atendeu 1355 pacientes de Covid-19 na Grande Florian\u00f3polis"},"content":{"rendered":"\t\t<div data-elementor-type=\"wp-post\" data-elementor-id=\"550\" class=\"elementor elementor-550\">\n\t\t\t\t\t\t<section class=\"elementor-section elementor-top-section elementor-element elementor-element-411cabd5 elementor-section-boxed elementor-section-height-default elementor-section-height-default\" data-id=\"411cabd5\" data-element_type=\"section\">\n\t\t\t\t\t\t<div class=\"elementor-container elementor-column-gap-default\">\n\t\t\t\t\t<div class=\"elementor-column elementor-col-100 elementor-top-column elementor-element elementor-element-7d25175d\" data-id=\"7d25175d\" data-element_type=\"column\">\n\t\t\t<div class=\"elementor-widget-wrap elementor-element-populated\">\n\t\t\t\t\t\t<div class=\"elementor-element elementor-element-2b6e310d elementor-widget elementor-widget-text-editor\" data-id=\"2b6e310d\" data-element_type=\"widget\" data-widget_type=\"text-editor.default\">\n\t\t\t\t<div class=\"elementor-widget-container\">\n\t\t\t\t\t\t\t\t\t<p><\/p>\n<h1 style=\"margin: 0cm;\"><a href=\"https:\/\/deolhonailha.com.br\/\"><strong>Alian\u00e7a Pela Vida: Iniciativa do setor produtivo j\u00e1 atendeu 1355 pacientes de Covid-19 na Grande Florian\u00f3polis<\/strong><\/a><\/h1>\n<div>\u00a0<\/div>\n<div>\u00a0<\/div>\n<h1 style=\"font-style: normal;\"><img fetchpriority=\"high\" decoding=\"async\" class=\"aligncenter wp-image-551 size-full\" src=\"https:\/\/aliancapelavida.com.br\/floripa\/wp-content\/uploads\/2021\/04\/Diario-Catarinense-Estela-Benetti-\u2013-29.03.png\" alt=\"\" width=\"1018\" height=\"628\" srcset=\"https:\/\/aliancapelavida.com.br\/floripa\/wp-content\/uploads\/2021\/04\/Diario-Catarinense-Estela-Benetti-\u2013-29.03.png 1018w, https:\/\/aliancapelavida.com.br\/floripa\/wp-content\/uploads\/2021\/04\/Diario-Catarinense-Estela-Benetti-\u2013-29.03-300x185.png 300w, https:\/\/aliancapelavida.com.br\/floripa\/wp-content\/uploads\/2021\/04\/Diario-Catarinense-Estela-Benetti-\u2013-29.03-768x474.png 768w\" sizes=\"(max-width: 1018px) 100vw, 1018px\" \/><\/h1>\n<p><strong><em>Exames gratuitos tamb\u00e9m passaram a ser oferecidos pelo sistema<\/em><\/strong><\/p>\n<p>J\u00e1 s\u00e3o 1.355 pacientes de Covid-19 atendidos gratuitamente desde o \u00faltimo domingo (21) pela Alian\u00e7a Pela Vida, uma for\u00e7a-tarefa que une a Associa\u00e7\u00e3o Empresarial de Florian\u00f3polis (ACIF), a C\u00e2mara de Dirigentes Lojistas de Florian\u00f3polis (CDL), a empresa ENGIE Brasil Energia, o Sinduscon Grande Florian\u00f3polis, a Associa\u00e7\u00e3o Catarinense de Tecnologia (ACATE), o movimento Floripa Sustent\u00e1vel, a Associa\u00e7\u00e3o Catarinense de Medicina (ACM), a Federa\u00e7\u00e3o das Ind\u00fastrias de SC (FIESC), a OAB\/SC, o Laborat\u00f3rio Santa Luzia\/DASA e a Intelbr\u00e1s. A ideia \u00e9 um suporte adicional para evitar que os pacientes fiquem sem assist\u00eancia m\u00e9dica, enquanto as unidades p\u00fablicas e privadas est\u00e3o sobrecarregadas.\u00a0O contato \u00e9 dispon\u00edvel pelo telefone 0800 402 0000\u00a0e a iniciativa contempla Florian\u00f3polis, S\u00e3o Jos\u00e9, Palho\u00e7a e Bigua\u00e7u, nos moldes de atendimento domiciliar e de telemedicina.<\/p>\n<p>O Laborat\u00f3rio Santa Luzia, que integra a DASA, doou 5.935 exames \u00e0 a\u00e7\u00e3o, essenciais para o diagn\u00f3stico e tratamento. Ser\u00e3o realizados Ant\u00edgeno (Covid), Prote\u00edna C Reativa, Hemograma, D\u00edmero D e Creatinina. Todos os pacientes atendidos ter\u00e3o seus exames para diagn\u00f3stico e acompanhamento do estado de sa\u00fade. A previs\u00e3o inicial \u00e9 de uma opera\u00e7\u00e3o de 30 dias, com contrato junto \u00e0 empresa HELP Emerg\u00eancias M\u00e9dicas. As entidades organizam as doa\u00e7\u00f5es, que j\u00e1 ultrapassaram o objetivo inicial de atingir R$ 3 milh\u00f5es.<\/p>\n<p>O foco \u00e9 desafogar o atendimento presencial \u00e0s unidades de sa\u00fade e fazer o poss\u00edvel para que os pacientes possam ser atendidos sem colapsar os sistemas p\u00fablicos e privados.<\/p>\n<p>\u00a0<\/p>\n<p><strong>Relat\u00f3rio &#8211;\u00a0Per\u00edodo: 21\/03\/2021 (07h) a 29\/03\/2021 (06h59)<\/strong><\/p>\n<p>\u00a0<\/p>\n<p>Total de Atendimentos\u00a0(Presencial x Telemedicina)<\/p>\n<ul>\n<li>Pacientes atendidos por telemedicina:\u00a01224<\/li>\n<li>Pacientes atendidos (deslocamento):\u00a083<\/li>\n<\/ul>\n<p>\u00a0<\/p>\n<p>Pacientes encaminhados ao hospital\u00a0(Presencial x Encaminhado)<\/p>\n<ul>\n<li>Pacientes encaminhados a hospitais:\u00a011<\/li>\n<li>Pacientes\u00a0atendidos\u00a0presencialmente:\u00a076<\/li>\n<\/ul>\n<p>Regi\u00f5es de\u00a0Atendimento<\/p>\n<p>Florian\u00f3polis \u2013\u00a0782<\/p>\n<p>S\u00e3o Jos\u00e9\u00a0 &#8211;\u00a0340<\/p>\n<p>Palho\u00e7a\u00a0\u00a0 &#8211;\u00a0195<\/p>\n<p>Bigua\u00e7u \u2013\u00a038<\/p>\n<p>TOTAL &#8211;\u00a01355<\/p>\n<p>\u00a0<\/p>\n<p>Pacientes por Faixa Et\u00e1ria<\/p>\n<p>Entre 91 e 100 anos \u2013\u00a002<\/p>\n<p>Entre 81 e 90 anos \u2013\u00a0186<\/p>\n<p>Entre 71 e 80 anos \u2013\u00a092<\/p>\n<p>Entre 61 e 70 anos \u2013\u00a0188<\/p>\n<p>Entre 51 e 60 anos \u2013\u00a0260<\/p>\n<p>Entre 41 e 50 anos \u2013\u00a0311<\/p>\n<p>Entre 31 e 40 anos \u2013\u00a0220<\/p>\n<p>Entre 21 e 30 anos \u2013\u00a0137<\/p>\n<p>Entre 0 e 20 anos \u2013\u00a0127<\/p>\n<p>\u00a0<\/p>\n<p>Fonte: Help Emerg\u00eancias M\u00e9dicas<\/p>\n<p class=\"MsoNormal\"><span style=\"font-family: 'Calibri',sans-serif; mso-ascii-theme-font: minor-latin; mso-hansi-theme-font: minor-latin; mso-bidi-font-family: 'Times New Roman'; color: red; mso-no-proof: yes;\">De Olho Na Ilha \u2013 29.03<\/span><\/p>\t\t\t\t\t\t\t\t<\/div>\n\t\t\t\t<\/div>\n\t\t\t\t\t<\/div>\n\t\t<\/div>\n\t\t\t\t\t<\/div>\n\t\t<\/section>\n\t\t\t\t<\/div>\n\t\t","protected":false},"excerpt":{"rendered":"","protected":false},"author":1,"featured_media":551,"comment_status":"open","ping_status":"open","sticky":false,"template":"elementor_canvas","format":"standard","meta":{"footnotes":""},"categories":[6],"tags":[],"class_list":["post-550","post","type-post","status-publish","format-standard","has-post-thumbnail","hentry","category-noticias-alianca-pela-vida"],"yoast_head":"<!-- This site is optimized with the Yoast SEO plugin v27.2 - https:\/\/yoast.com\/product\/yoast-seo-wordpress\/ -->\n<title>Alian\u00e7a Pela Vida: Iniciativa do setor produtivo j\u00e1 atendeu 1355 pacientes de Covid-19 na Grande Florian\u00f3polis &#8226; Alian\u00e7a pela Vida<\/title>\n<meta name=\"robots\" content=\"index, follow, max-snippet:-1, max-image-preview:large, max-video-preview:-1\" \/>\n<link rel=\"canonical\" href=\"https:\/\/aliancapelavida.com.br\/floripa\/2021\/04\/13\/servico-alianca-pela-vida-realiza-mais-de-550-atendimentos-em-48-horas\/\" \/>\n<meta property=\"og:locale\" content=\"pt_BR\" \/>\n<meta property=\"og:type\" content=\"article\" \/>\n<meta property=\"og:title\" content=\"Alian\u00e7a Pela Vida: Iniciativa do setor produtivo j\u00e1 atendeu 1355 pacientes de Covid-19 na Grande Florian\u00f3polis &#8226; Alian\u00e7a pela Vida\" \/>\n<meta property=\"og:url\" content=\"https:\/\/aliancapelavida.com.br\/floripa\/2021\/04\/13\/servico-alianca-pela-vida-realiza-mais-de-550-atendimentos-em-48-horas\/\" \/>\n<meta property=\"og:site_name\" content=\"Alian\u00e7a pela Vida\" \/>\n<meta property=\"article:published_time\" content=\"2021-04-13T22:46:12+00:00\" \/>\n<meta property=\"article:modified_time\" content=\"2021-04-13T22:59:05+00:00\" \/>\n<meta property=\"og:image\" content=\"https:\/\/aliancapelavida.com.br\/floripa\/wp-content\/uploads\/2021\/04\/Diario-Catarinense-Estela-Benetti-\u2013-29.03.png\" \/>\n\t<meta property=\"og:image:width\" content=\"1018\" \/>\n\t<meta property=\"og:image:height\" content=\"628\" \/>\n\t<meta property=\"og:image:type\" content=\"image\/png\" \/>\n<meta name=\"author\" content=\"lucas.d@acif.org.br\" \/>\n<meta name=\"twitter:card\" content=\"summary_large_image\" \/>\n<meta name=\"twitter:label1\" content=\"Escrito por\" \/>\n\t<meta name=\"twitter:data1\" content=\"lucas.d@acif.org.br\" \/>\n\t<meta name=\"twitter:label2\" content=\"Est. tempo de leitura\" \/>\n\t<meta name=\"twitter:data2\" content=\"2 minutos\" \/>\n<script type=\"application\/ld+json\" class=\"yoast-schema-graph\">{\"@context\":\"https:\/\/schema.org\",\"@graph\":[{\"@type\":\"Article\",\"@id\":\"https:\/\/aliancapelavida.com.br\/floripa\/2021\/04\/13\/servico-alianca-pela-vida-realiza-mais-de-550-atendimentos-em-48-horas\/#article\",\"isPartOf\":{\"@id\":\"https:\/\/aliancapelavida.com.br\/floripa\/2021\/04\/13\/servico-alianca-pela-vida-realiza-mais-de-550-atendimentos-em-48-horas\/\"},\"author\":{\"name\":\"lucas.d@acif.org.br\",\"@id\":\"https:\/\/aliancapelavida.com.br\/floripa\/#\/schema\/person\/4e00d8650ea4ec998a3c004c2b1154a0\"},\"headline\":\"Alian\u00e7a Pela Vida: Iniciativa do setor produtivo j\u00e1 atendeu 1355 pacientes de Covid-19 na Grande Florian\u00f3polis\",\"datePublished\":\"2021-04-13T22:46:12+00:00\",\"dateModified\":\"2021-04-13T22:59:05+00:00\",\"mainEntityOfPage\":{\"@id\":\"https:\/\/aliancapelavida.com.br\/floripa\/2021\/04\/13\/servico-alianca-pela-vida-realiza-mais-de-550-atendimentos-em-48-horas\/\"},\"wordCount\":404,\"commentCount\":0,\"publisher\":{\"@id\":\"https:\/\/aliancapelavida.com.br\/floripa\/#organization\"},\"image\":{\"@id\":\"https:\/\/aliancapelavida.com.br\/floripa\/2021\/04\/13\/servico-alianca-pela-vida-realiza-mais-de-550-atendimentos-em-48-horas\/#primaryimage\"},\"thumbnailUrl\":\"https:\/\/aliancapelavida.com.br\/floripa\/wp-content\/uploads\/2021\/04\/Diario-Catarinense-Estela-Benetti-\u2013-29.03.png\",\"articleSection\":[\"Not\u00edcias Alian\u00e7a Pela Vida\"],\"inLanguage\":\"pt-BR\",\"potentialAction\":[{\"@type\":\"CommentAction\",\"name\":\"Comment\",\"target\":[\"https:\/\/aliancapelavida.com.br\/floripa\/2021\/04\/13\/servico-alianca-pela-vida-realiza-mais-de-550-atendimentos-em-48-horas\/#respond\"]}]},{\"@type\":\"WebPage\",\"@id\":\"https:\/\/aliancapelavida.com.br\/floripa\/2021\/04\/13\/servico-alianca-pela-vida-realiza-mais-de-550-atendimentos-em-48-horas\/\",\"url\":\"https:\/\/aliancapelavida.com.br\/floripa\/2021\/04\/13\/servico-alianca-pela-vida-realiza-mais-de-550-atendimentos-em-48-horas\/\",\"name\":\"Alian\u00e7a Pela Vida: Iniciativa do setor produtivo j\u00e1 atendeu 1355 pacientes de Covid-19 na Grande Florian\u00f3polis &#8226; Alian\u00e7a pela Vida\",\"isPartOf\":{\"@id\":\"https:\/\/aliancapelavida.com.br\/floripa\/#website\"},\"primaryImageOfPage\":{\"@id\":\"https:\/\/aliancapelavida.com.br\/floripa\/2021\/04\/13\/servico-alianca-pela-vida-realiza-mais-de-550-atendimentos-em-48-horas\/#primaryimage\"},\"image\":{\"@id\":\"https:\/\/aliancapelavida.com.br\/floripa\/2021\/04\/13\/servico-alianca-pela-vida-realiza-mais-de-550-atendimentos-em-48-horas\/#primaryimage\"},\"thumbnailUrl\":\"https:\/\/aliancapelavida.com.br\/floripa\/wp-content\/uploads\/2021\/04\/Diario-Catarinense-Estela-Benetti-\u2013-29.03.png\",\"datePublished\":\"2021-04-13T22:46:12+00:00\",\"dateModified\":\"2021-04-13T22:59:05+00:00\",\"breadcrumb\":{\"@id\":\"https:\/\/aliancapelavida.com.br\/floripa\/2021\/04\/13\/servico-alianca-pela-vida-realiza-mais-de-550-atendimentos-em-48-horas\/#breadcrumb\"},\"inLanguage\":\"pt-BR\",\"potentialAction\":[{\"@type\":\"ReadAction\",\"target\":[\"https:\/\/aliancapelavida.com.br\/floripa\/2021\/04\/13\/servico-alianca-pela-vida-realiza-mais-de-550-atendimentos-em-48-horas\/\"]}]},{\"@type\":\"ImageObject\",\"inLanguage\":\"pt-BR\",\"@id\":\"https:\/\/aliancapelavida.com.br\/floripa\/2021\/04\/13\/servico-alianca-pela-vida-realiza-mais-de-550-atendimentos-em-48-horas\/#primaryimage\",\"url\":\"https:\/\/aliancapelavida.com.br\/floripa\/wp-content\/uploads\/2021\/04\/Diario-Catarinense-Estela-Benetti-\u2013-29.03.png\",\"contentUrl\":\"https:\/\/aliancapelavida.com.br\/floripa\/wp-content\/uploads\/2021\/04\/Diario-Catarinense-Estela-Benetti-\u2013-29.03.png\",\"width\":1018,\"height\":628},{\"@type\":\"BreadcrumbList\",\"@id\":\"https:\/\/aliancapelavida.com.br\/floripa\/2021\/04\/13\/servico-alianca-pela-vida-realiza-mais-de-550-atendimentos-em-48-horas\/#breadcrumb\",\"itemListElement\":[{\"@type\":\"ListItem\",\"position\":1,\"name\":\"In\u00edcio\",\"item\":\"https:\/\/aliancapelavida.com.br\/floripa\/\"},{\"@type\":\"ListItem\",\"position\":2,\"name\":\"Alian\u00e7a Pela Vida: Iniciativa do setor produtivo j\u00e1 atendeu 1355 pacientes de Covid-19 na Grande Florian\u00f3polis\"}]},{\"@type\":\"WebSite\",\"@id\":\"https:\/\/aliancapelavida.com.br\/floripa\/#website\",\"url\":\"https:\/\/aliancapelavida.com.br\/floripa\/\",\"name\":\"Alian\u00e7a pela Vida\",\"description\":\"Empres&aacute;rios e entidades formam uma alian&ccedil;a pela vida e sa&uacute;de de Florian&oacute;polis.\",\"publisher\":{\"@id\":\"https:\/\/aliancapelavida.com.br\/floripa\/#organization\"},\"potentialAction\":[{\"@type\":\"SearchAction\",\"target\":{\"@type\":\"EntryPoint\",\"urlTemplate\":\"https:\/\/aliancapelavida.com.br\/floripa\/?s={search_term_string}\"},\"query-input\":{\"@type\":\"PropertyValueSpecification\",\"valueRequired\":true,\"valueName\":\"search_term_string\"}}],\"inLanguage\":\"pt-BR\"},{\"@type\":\"Organization\",\"@id\":\"https:\/\/aliancapelavida.com.br\/floripa\/#organization\",\"name\":\"Alian\u00e7a pela Vida\",\"url\":\"https:\/\/aliancapelavida.com.br\/floripa\/\",\"logo\":{\"@type\":\"ImageObject\",\"inLanguage\":\"pt-BR\",\"@id\":\"https:\/\/aliancapelavida.com.br\/floripa\/#\/schema\/logo\/image\/\",\"url\":\"https:\/\/aliancapelavida.com.br\/floripa\/wp-content\/uploads\/2021\/04\/cropped-icone-alianca-pela-vida.png\",\"contentUrl\":\"https:\/\/aliancapelavida.com.br\/floripa\/wp-content\/uploads\/2021\/04\/cropped-icone-alianca-pela-vida.png\",\"width\":512,\"height\":512,\"caption\":\"Alian\u00e7a pela Vida\"},\"image\":{\"@id\":\"https:\/\/aliancapelavida.com.br\/floripa\/#\/schema\/logo\/image\/\"}},{\"@type\":\"Person\",\"@id\":\"https:\/\/aliancapelavida.com.br\/floripa\/#\/schema\/person\/4e00d8650ea4ec998a3c004c2b1154a0\",\"name\":\"lucas.d@acif.org.br\",\"image\":{\"@type\":\"ImageObject\",\"inLanguage\":\"pt-BR\",\"@id\":\"https:\/\/secure.gravatar.com\/avatar\/d49874567149003eef7bf04e691f92017566c9d0619fdaa2beb97c1b98f3252c?s=96&d=mm&r=g\",\"url\":\"https:\/\/secure.gravatar.com\/avatar\/d49874567149003eef7bf04e691f92017566c9d0619fdaa2beb97c1b98f3252c?s=96&d=mm&r=g\",\"contentUrl\":\"https:\/\/secure.gravatar.com\/avatar\/d49874567149003eef7bf04e691f92017566c9d0619fdaa2beb97c1b98f3252c?s=96&d=mm&r=g\",\"caption\":\"lucas.d@acif.org.br\"},\"sameAs\":[\"https:\/\/aliancapelavida.com.br\/floripa\"]}]}<\/script>\n<!-- \/ Yoast SEO plugin. -->","yoast_head_json":{"title":"Alian\u00e7a Pela Vida: Iniciativa do setor produtivo j\u00e1 atendeu 1355 pacientes de Covid-19 na Grande Florian\u00f3polis &#8226; Alian\u00e7a pela Vida","robots":{"index":"index","follow":"follow","max-snippet":"max-snippet:-1","max-image-preview":"max-image-preview:large","max-video-preview":"max-video-preview:-1"},"canonical":"https:\/\/aliancapelavida.com.br\/floripa\/2021\/04\/13\/servico-alianca-pela-vida-realiza-mais-de-550-atendimentos-em-48-horas\/","og_locale":"pt_BR","og_type":"article","og_title":"Alian\u00e7a Pela Vida: Iniciativa do setor produtivo j\u00e1 atendeu 1355 pacientes de Covid-19 na Grande Florian\u00f3polis &#8226; Alian\u00e7a pela Vida","og_url":"https:\/\/aliancapelavida.com.br\/floripa\/2021\/04\/13\/servico-alianca-pela-vida-realiza-mais-de-550-atendimentos-em-48-horas\/","og_site_name":"Alian\u00e7a pela Vida","article_published_time":"2021-04-13T22:46:12+00:00","article_modified_time":"2021-04-13T22:59:05+00:00","og_image":[{"width":1018,"height":628,"url":"https:\/\/aliancapelavida.com.br\/floripa\/wp-content\/uploads\/2021\/04\/Diario-Catarinense-Estela-Benetti-\u2013-29.03.png","type":"image\/png"}],"author":"lucas.d@acif.org.br","twitter_card":"summary_large_image","twitter_misc":{"Escrito por":"lucas.d@acif.org.br","Est. tempo de leitura":"2 minutos"},"schema":{"@context":"https:\/\/schema.org","@graph":[{"@type":"Article","@id":"https:\/\/aliancapelavida.com.br\/floripa\/2021\/04\/13\/servico-alianca-pela-vida-realiza-mais-de-550-atendimentos-em-48-horas\/#article","isPartOf":{"@id":"https:\/\/aliancapelavida.com.br\/floripa\/2021\/04\/13\/servico-alianca-pela-vida-realiza-mais-de-550-atendimentos-em-48-horas\/"},"author":{"name":"lucas.d@acif.org.br","@id":"https:\/\/aliancapelavida.com.br\/floripa\/#\/schema\/person\/4e00d8650ea4ec998a3c004c2b1154a0"},"headline":"Alian\u00e7a Pela Vida: Iniciativa do setor produtivo j\u00e1 atendeu 1355 pacientes de Covid-19 na Grande Florian\u00f3polis","datePublished":"2021-04-13T22:46:12+00:00","dateModified":"2021-04-13T22:59:05+00:00","mainEntityOfPage":{"@id":"https:\/\/aliancapelavida.com.br\/floripa\/2021\/04\/13\/servico-alianca-pela-vida-realiza-mais-de-550-atendimentos-em-48-horas\/"},"wordCount":404,"commentCount":0,"publisher":{"@id":"https:\/\/aliancapelavida.com.br\/floripa\/#organization"},"image":{"@id":"https:\/\/aliancapelavida.com.br\/floripa\/2021\/04\/13\/servico-alianca-pela-vida-realiza-mais-de-550-atendimentos-em-48-horas\/#primaryimage"},"thumbnailUrl":"https:\/\/aliancapelavida.com.br\/floripa\/wp-content\/uploads\/2021\/04\/Diario-Catarinense-Estela-Benetti-\u2013-29.03.png","articleSection":["Not\u00edcias Alian\u00e7a Pela Vida"],"inLanguage":"pt-BR","potentialAction":[{"@type":"CommentAction","name":"Comment","target":["https:\/\/aliancapelavida.com.br\/floripa\/2021\/04\/13\/servico-alianca-pela-vida-realiza-mais-de-550-atendimentos-em-48-horas\/#respond"]}]},{"@type":"WebPage","@id":"https:\/\/aliancapelavida.com.br\/floripa\/2021\/04\/13\/servico-alianca-pela-vida-realiza-mais-de-550-atendimentos-em-48-horas\/","url":"https:\/\/aliancapelavida.com.br\/floripa\/2021\/04\/13\/servico-alianca-pela-vida-realiza-mais-de-550-atendimentos-em-48-horas\/","name":"Alian\u00e7a Pela Vida: Iniciativa do setor produtivo j\u00e1 atendeu 1355 pacientes de Covid-19 na Grande Florian\u00f3polis &#8226; Alian\u00e7a pela Vida","isPartOf":{"@id":"https:\/\/aliancapelavida.com.br\/floripa\/#website"},"primaryImageOfPage":{"@id":"https:\/\/aliancapelavida.com.br\/floripa\/2021\/04\/13\/servico-alianca-pela-vida-realiza-mais-de-550-atendimentos-em-48-horas\/#primaryimage"},"image":{"@id":"https:\/\/aliancapelavida.com.br\/floripa\/2021\/04\/13\/servico-alianca-pela-vida-realiza-mais-de-550-atendimentos-em-48-horas\/#primaryimage"},"thumbnailUrl":"https:\/\/aliancapelavida.com.br\/floripa\/wp-content\/uploads\/2021\/04\/Diario-Catarinense-Estela-Benetti-\u2013-29.03.png","datePublished":"2021-04-13T22:46:12+00:00","dateModified":"2021-04-13T22:59:05+00:00","breadcrumb":{"@id":"https:\/\/aliancapelavida.com.br\/floripa\/2021\/04\/13\/servico-alianca-pela-vida-realiza-mais-de-550-atendimentos-em-48-horas\/#breadcrumb"},"inLanguage":"pt-BR","potentialAction":[{"@type":"ReadAction","target":["https:\/\/aliancapelavida.com.br\/floripa\/2021\/04\/13\/servico-alianca-pela-vida-realiza-mais-de-550-atendimentos-em-48-horas\/"]}]},{"@type":"ImageObject","inLanguage":"pt-BR","@id":"https:\/\/aliancapelavida.com.br\/floripa\/2021\/04\/13\/servico-alianca-pela-vida-realiza-mais-de-550-atendimentos-em-48-horas\/#primaryimage","url":"https:\/\/aliancapelavida.com.br\/floripa\/wp-content\/uploads\/2021\/04\/Diario-Catarinense-Estela-Benetti-\u2013-29.03.png","contentUrl":"https:\/\/aliancapelavida.com.br\/floripa\/wp-content\/uploads\/2021\/04\/Diario-Catarinense-Estela-Benetti-\u2013-29.03.png","width":1018,"height":628},{"@type":"BreadcrumbList","@id":"https:\/\/aliancapelavida.com.br\/floripa\/2021\/04\/13\/servico-alianca-pela-vida-realiza-mais-de-550-atendimentos-em-48-horas\/#breadcrumb","itemListElement":[{"@type":"ListItem","position":1,"name":"In\u00edcio","item":"https:\/\/aliancapelavida.com.br\/floripa\/"},{"@type":"ListItem","position":2,"name":"Alian\u00e7a Pela Vida: Iniciativa do setor produtivo j\u00e1 atendeu 1355 pacientes de Covid-19 na Grande Florian\u00f3polis"}]},{"@type":"WebSite","@id":"https:\/\/aliancapelavida.com.br\/floripa\/#website","url":"https:\/\/aliancapelavida.com.br\/floripa\/","name":"Alian\u00e7a pela Vida","description":"Empres&aacute;rios e entidades formam uma alian&ccedil;a pela vida e sa&uacute;de de Florian&oacute;polis.","publisher":{"@id":"https:\/\/aliancapelavida.com.br\/floripa\/#organization"},"potentialAction":[{"@type":"SearchAction","target":{"@type":"EntryPoint","urlTemplate":"https:\/\/aliancapelavida.com.br\/floripa\/?s={search_term_string}"},"query-input":{"@type":"PropertyValueSpecification","valueRequired":true,"valueName":"search_term_string"}}],"inLanguage":"pt-BR"},{"@type":"Organization","@id":"https:\/\/aliancapelavida.com.br\/floripa\/#organization","name":"Alian\u00e7a pela Vida","url":"https:\/\/aliancapelavida.com.br\/floripa\/","logo":{"@type":"ImageObject","inLanguage":"pt-BR","@id":"https:\/\/aliancapelavida.com.br\/floripa\/#\/schema\/logo\/image\/","url":"https:\/\/aliancapelavida.com.br\/floripa\/wp-content\/uploads\/2021\/04\/cropped-icone-alianca-pela-vida.png","contentUrl":"https:\/\/aliancapelavida.com.br\/floripa\/wp-content\/uploads\/2021\/04\/cropped-icone-alianca-pela-vida.png","width":512,"height":512,"caption":"Alian\u00e7a pela Vida"},"image":{"@id":"https:\/\/aliancapelavida.com.br\/floripa\/#\/schema\/logo\/image\/"}},{"@type":"Person","@id":"https:\/\/aliancapelavida.com.br\/floripa\/#\/schema\/person\/4e00d8650ea4ec998a3c004c2b1154a0","name":"lucas.d@acif.org.br","image":{"@type":"ImageObject","inLanguage":"pt-BR","@id":"https:\/\/secure.gravatar.com\/avatar\/d49874567149003eef7bf04e691f92017566c9d0619fdaa2beb97c1b98f3252c?s=96&d=mm&r=g","url":"https:\/\/secure.gravatar.com\/avatar\/d49874567149003eef7bf04e691f92017566c9d0619fdaa2beb97c1b98f3252c?s=96&d=mm&r=g","contentUrl":"https:\/\/secure.gravatar.com\/avatar\/d49874567149003eef7bf04e691f92017566c9d0619fdaa2beb97c1b98f3252c?s=96&d=mm&r=g","caption":"lucas.d@acif.org.br"},"sameAs":["https:\/\/aliancapelavida.com.br\/floripa"]}]}},"_links":{"self":[{"href":"https:\/\/aliancapelavida.com.br\/floripa\/wp-json\/wp\/v2\/posts\/550","targetHints":{"allow":["GET"]}}],"collection":[{"href":"https:\/\/aliancapelavida.com.br\/floripa\/wp-json\/wp\/v2\/posts"}],"about":[{"href":"https:\/\/aliancapelavida.com.br\/floripa\/wp-json\/wp\/v2\/types\/post"}],"author":[{"embeddable":true,"href":"https:\/\/aliancapelavida.com.br\/floripa\/wp-json\/wp\/v2\/users\/1"}],"replies":[{"embeddable":true,"href":"https:\/\/aliancapelavida.com.br\/floripa\/wp-json\/wp\/v2\/comments?post=550"}],"version-history":[{"count":4,"href":"https:\/\/aliancapelavida.com.br\/floripa\/wp-json\/wp\/v2\/posts\/550\/revisions"}],"predecessor-version":[{"id":558,"href":"https:\/\/aliancapelavida.com.br\/floripa\/wp-json\/wp\/v2\/posts\/550\/revisions\/558"}],"wp:featuredmedia":[{"embeddable":true,"href":"https:\/\/aliancapelavida.com.br\/floripa\/wp-json\/wp\/v2\/media\/551"}],"wp:attachment":[{"href":"https:\/\/aliancapelavida.com.br\/floripa\/wp-json\/wp\/v2\/media?parent=550"}],"wp:term":[{"taxonomy":"category","embeddable":true,"href":"https:\/\/aliancapelavida.com.br\/floripa\/wp-json\/wp\/v2\/categories?post=550"},{"taxonomy":"post_tag","embeddable":true,"href":"https:\/\/aliancapelavida.com.br\/floripa\/wp-json\/wp\/v2\/tags?post=550"}],"curies":[{"name":"wp","href":"https:\/\/api.w.org\/{rel}","templated":true}]}}