{"id":495,"date":"2021-03-29T14:17:45","date_gmt":"2021-03-29T14:17:45","guid":{"rendered":"https:\/\/aliancapelavida.com.br\/floripa\/?p=495"},"modified":"2021-04-13T23:02:49","modified_gmt":"2021-04-13T23:02:49","slug":"servico-alianca-pela-vida-monitora-pacientes-de-covid-que-se-recuperam-em-casa-2","status":"publish","type":"post","link":"https:\/\/aliancapelavida.com.br\/floripa\/2021\/03\/29\/servico-alianca-pela-vida-monitora-pacientes-de-covid-que-se-recuperam-em-casa-2\/","title":{"rendered":"Servi\u00e7o Alian\u00e7a Pela Vida realiza mais de 550 atendimentos em 48 horas"},"content":{"rendered":"\t\t<div data-elementor-type=\"wp-post\" data-elementor-id=\"495\" class=\"elementor elementor-495\">\n\t\t\t\t\t\t<section class=\"elementor-section elementor-top-section elementor-element elementor-element-411cabd5 elementor-section-boxed elementor-section-height-default elementor-section-height-default\" data-id=\"411cabd5\" data-element_type=\"section\">\n\t\t\t\t\t\t<div class=\"elementor-container elementor-column-gap-default\">\n\t\t\t\t\t<div class=\"elementor-column elementor-col-100 elementor-top-column elementor-element elementor-element-7d25175d\" data-id=\"7d25175d\" data-element_type=\"column\">\n\t\t\t<div class=\"elementor-widget-wrap elementor-element-populated\">\n\t\t\t\t\t\t<div class=\"elementor-element elementor-element-2b6e310d elementor-widget elementor-widget-text-editor\" data-id=\"2b6e310d\" data-element_type=\"widget\" data-widget_type=\"text-editor.default\">\n\t\t\t\t<div class=\"elementor-widget-container\">\n\t\t\t\t\t\t\t\t\t<p><\/p>\n<h1 style=\"margin: 0cm;\"><span style=\"font-size: 22.0pt; font-family: 'Source Sans Pro',sans-serif; color: #242425;\">Servi\u00e7o Alian\u00e7a Pela Vida realiza mais de 550 atendimentos em 48 horas<\/span><\/h1>\n<div>\u00a0<\/div>\n<div>\u00a0<\/div>\n<h1 style=\"font-style: normal;\"><img fetchpriority=\"high\" decoding=\"async\" style=\"font-size: 2em;\" src=\"https:\/\/aliancapelavida.com.br\/floripa\/wp-content\/uploads\/2021\/04\/dc.jpg\" alt=\"\" width=\"800\" height=\"500\" \/><\/h1>\n<pre>Novo servi\u00e7o atende doentes com Covid na Grande Florian\u00f3polis (Foto: Banco de Dados)<span style=\"color: var( --e-global-color-text ); font-family: var( --e-global-typography-text-font-family ), Sans-serif; font-weight: var( --e-global-typography-text-font-weight ); background-color: #f5f5f5; font-size: 1rem;\">\u00a0<\/span><\/pre>\n<p class=\"paragraph-fglk4o-0\" style=\"text-align: justify;\"><span style=\"font-size: 13.5pt; color: black;\">O Alian\u00e7a Pela Vida, novo servi\u00e7o de atendimento a pacientes com sintomas de Covid-19 na Grande Florian\u00f3polis realizou mais de 550 atendimentos nas primeiras 48 horas. Foram 541 consultas por telemedicina, 22 atendimentos presenciais e tr\u00eas deslocamentos para hospitais.<\/span><\/p>\n<p class=\"paragraph-fglk4o-0\" style=\"text-align: justify;\"><span style=\"font-size: 13.5pt; color: black;\">A maior demanda foi registrada em Florian\u00f3polis, mas o atendimento abrange tamb\u00e9m S\u00e3o Jos\u00e9, Palho\u00e7a e Bigua\u00e7u. Os servi\u00e7os s\u00e3o desenvolvidos pela Help Emerg\u00eancias M\u00e9dicas e o atendimento aos doentes \u00e9 pelo 0800 402 0000. O servi\u00e7o \u00e9 gratuito, inclusive para pacientes de conv\u00eanio ou servi\u00e7os particulares.<\/span><\/p>\n<p class=\"paragraph-fglk4o-0\" style=\"text-align: justify;\"><span style=\"font-size: 13.5pt; color: black;\">O Alian\u00e7a Pela Vida \u00e9 uma iniciativa da Associa\u00e7\u00e3o Empresarial de Florian\u00f3polis (Acif), CDL de Florian\u00f3polis, Engie Brasil Energia, Sindicato das Empresas de Constru\u00e7\u00e3o Civil (Sinduscon), Associa\u00e7\u00e3o Catarinense de Tecnologia (Acate), movimento Floripa Sustent\u00e1vel, Associa\u00e7\u00e3o Catarinense de Medicina (ACM), Federa\u00e7\u00e3o das Ind\u00fastrias do Estado (Fiesc) e OAB\/SC. O programa tamb\u00e9m tem apoio t\u00e9cnico do Hospital SOS C\u00e1rdio.<\/span><\/p>\n<div>\u00a0<\/div>\n<p class=\"MsoNormal\"><span style=\"font-family: 'Calibri',sans-serif; mso-ascii-theme-font: minor-latin; mso-hansi-theme-font: minor-latin; mso-bidi-font-family: 'Times New Roman'; color: red; mso-no-proof: yes;\">Di\u00e1rio Catarinense (Estela Benetti) \u2013 23.03<\/span><\/p>\t\t\t\t\t\t\t\t<\/div>\n\t\t\t\t<\/div>\n\t\t\t\t\t<\/div>\n\t\t<\/div>\n\t\t\t\t\t<\/div>\n\t\t<\/section>\n\t\t\t\t<\/div>\n\t\t","protected":false},"excerpt":{"rendered":"","protected":false},"author":1,"featured_media":499,"comment_status":"open","ping_status":"open","sticky":false,"template":"elementor_canvas","format":"standard","meta":{"footnotes":""},"categories":[6],"tags":[],"class_list":["post-495","post","type-post","status-publish","format-standard","has-post-thumbnail","hentry","category-noticias-alianca-pela-vida"],"yoast_head":"<!-- This site is optimized with the Yoast SEO plugin v27.2 - https:\/\/yoast.com\/product\/yoast-seo-wordpress\/ -->\n<title>Servi\u00e7o Alian\u00e7a Pela Vida realiza mais de 550 atendimentos em 48 horas &#8226; Alian\u00e7a pela Vida<\/title>\n<meta name=\"robots\" content=\"index, follow, max-snippet:-1, max-image-preview:large, max-video-preview:-1\" \/>\n<link rel=\"canonical\" href=\"https:\/\/aliancapelavida.com.br\/floripa\/2021\/03\/29\/servico-alianca-pela-vida-monitora-pacientes-de-covid-que-se-recuperam-em-casa-2\/\" \/>\n<meta property=\"og:locale\" content=\"pt_BR\" \/>\n<meta property=\"og:type\" content=\"article\" \/>\n<meta property=\"og:title\" content=\"Servi\u00e7o Alian\u00e7a Pela Vida realiza mais de 550 atendimentos em 48 horas &#8226; Alian\u00e7a pela Vida\" \/>\n<meta property=\"og:url\" content=\"https:\/\/aliancapelavida.com.br\/floripa\/2021\/03\/29\/servico-alianca-pela-vida-monitora-pacientes-de-covid-que-se-recuperam-em-casa-2\/\" \/>\n<meta property=\"og:site_name\" content=\"Alian\u00e7a pela Vida\" \/>\n<meta property=\"article:published_time\" content=\"2021-03-29T14:17:45+00:00\" \/>\n<meta property=\"article:modified_time\" content=\"2021-04-13T23:02:49+00:00\" \/>\n<meta property=\"og:image\" content=\"https:\/\/aliancapelavida.com.br\/floripa\/wp-content\/uploads\/2021\/04\/dc.jpg\" \/>\n\t<meta property=\"og:image:width\" content=\"800\" \/>\n\t<meta property=\"og:image:height\" content=\"500\" \/>\n\t<meta property=\"og:image:type\" content=\"image\/jpeg\" \/>\n<meta name=\"author\" content=\"lucas.d@acif.org.br\" \/>\n<meta name=\"twitter:card\" content=\"summary_large_image\" \/>\n<meta name=\"twitter:label1\" content=\"Escrito por\" \/>\n\t<meta name=\"twitter:data1\" content=\"lucas.d@acif.org.br\" \/>\n\t<meta name=\"twitter:label2\" content=\"Est. tempo de leitura\" \/>\n\t<meta name=\"twitter:data2\" content=\"1 minuto\" \/>\n<script type=\"application\/ld+json\" class=\"yoast-schema-graph\">{\"@context\":\"https:\/\/schema.org\",\"@graph\":[{\"@type\":\"Article\",\"@id\":\"https:\/\/aliancapelavida.com.br\/floripa\/2021\/03\/29\/servico-alianca-pela-vida-monitora-pacientes-de-covid-que-se-recuperam-em-casa-2\/#article\",\"isPartOf\":{\"@id\":\"https:\/\/aliancapelavida.com.br\/floripa\/2021\/03\/29\/servico-alianca-pela-vida-monitora-pacientes-de-covid-que-se-recuperam-em-casa-2\/\"},\"author\":{\"name\":\"lucas.d@acif.org.br\",\"@id\":\"https:\/\/aliancapelavida.com.br\/floripa\/#\/schema\/person\/4e00d8650ea4ec998a3c004c2b1154a0\"},\"headline\":\"Servi\u00e7o Alian\u00e7a Pela Vida realiza mais de 550 atendimentos em 48 horas\",\"datePublished\":\"2021-03-29T14:17:45+00:00\",\"dateModified\":\"2021-04-13T23:02:49+00:00\",\"mainEntityOfPage\":{\"@id\":\"https:\/\/aliancapelavida.com.br\/floripa\/2021\/03\/29\/servico-alianca-pela-vida-monitora-pacientes-de-covid-que-se-recuperam-em-casa-2\/\"},\"wordCount\":192,\"commentCount\":0,\"publisher\":{\"@id\":\"https:\/\/aliancapelavida.com.br\/floripa\/#organization\"},\"image\":{\"@id\":\"https:\/\/aliancapelavida.com.br\/floripa\/2021\/03\/29\/servico-alianca-pela-vida-monitora-pacientes-de-covid-que-se-recuperam-em-casa-2\/#primaryimage\"},\"thumbnailUrl\":\"https:\/\/aliancapelavida.com.br\/floripa\/wp-content\/uploads\/2021\/04\/dc.jpg\",\"articleSection\":[\"Not\u00edcias Alian\u00e7a Pela Vida\"],\"inLanguage\":\"pt-BR\",\"potentialAction\":[{\"@type\":\"CommentAction\",\"name\":\"Comment\",\"target\":[\"https:\/\/aliancapelavida.com.br\/floripa\/2021\/03\/29\/servico-alianca-pela-vida-monitora-pacientes-de-covid-que-se-recuperam-em-casa-2\/#respond\"]}]},{\"@type\":\"WebPage\",\"@id\":\"https:\/\/aliancapelavida.com.br\/floripa\/2021\/03\/29\/servico-alianca-pela-vida-monitora-pacientes-de-covid-que-se-recuperam-em-casa-2\/\",\"url\":\"https:\/\/aliancapelavida.com.br\/floripa\/2021\/03\/29\/servico-alianca-pela-vida-monitora-pacientes-de-covid-que-se-recuperam-em-casa-2\/\",\"name\":\"Servi\u00e7o Alian\u00e7a Pela Vida realiza mais de 550 atendimentos em 48 horas &#8226; Alian\u00e7a pela Vida\",\"isPartOf\":{\"@id\":\"https:\/\/aliancapelavida.com.br\/floripa\/#website\"},\"primaryImageOfPage\":{\"@id\":\"https:\/\/aliancapelavida.com.br\/floripa\/2021\/03\/29\/servico-alianca-pela-vida-monitora-pacientes-de-covid-que-se-recuperam-em-casa-2\/#primaryimage\"},\"image\":{\"@id\":\"https:\/\/aliancapelavida.com.br\/floripa\/2021\/03\/29\/servico-alianca-pela-vida-monitora-pacientes-de-covid-que-se-recuperam-em-casa-2\/#primaryimage\"},\"thumbnailUrl\":\"https:\/\/aliancapelavida.com.br\/floripa\/wp-content\/uploads\/2021\/04\/dc.jpg\",\"datePublished\":\"2021-03-29T14:17:45+00:00\",\"dateModified\":\"2021-04-13T23:02:49+00:00\",\"breadcrumb\":{\"@id\":\"https:\/\/aliancapelavida.com.br\/floripa\/2021\/03\/29\/servico-alianca-pela-vida-monitora-pacientes-de-covid-que-se-recuperam-em-casa-2\/#breadcrumb\"},\"inLanguage\":\"pt-BR\",\"potentialAction\":[{\"@type\":\"ReadAction\",\"target\":[\"https:\/\/aliancapelavida.com.br\/floripa\/2021\/03\/29\/servico-alianca-pela-vida-monitora-pacientes-de-covid-que-se-recuperam-em-casa-2\/\"]}]},{\"@type\":\"ImageObject\",\"inLanguage\":\"pt-BR\",\"@id\":\"https:\/\/aliancapelavida.com.br\/floripa\/2021\/03\/29\/servico-alianca-pela-vida-monitora-pacientes-de-covid-que-se-recuperam-em-casa-2\/#primaryimage\",\"url\":\"https:\/\/aliancapelavida.com.br\/floripa\/wp-content\/uploads\/2021\/04\/dc.jpg\",\"contentUrl\":\"https:\/\/aliancapelavida.com.br\/floripa\/wp-content\/uploads\/2021\/04\/dc.jpg\",\"width\":800,\"height\":500},{\"@type\":\"BreadcrumbList\",\"@id\":\"https:\/\/aliancapelavida.com.br\/floripa\/2021\/03\/29\/servico-alianca-pela-vida-monitora-pacientes-de-covid-que-se-recuperam-em-casa-2\/#breadcrumb\",\"itemListElement\":[{\"@type\":\"ListItem\",\"position\":1,\"name\":\"In\u00edcio\",\"item\":\"https:\/\/aliancapelavida.com.br\/floripa\/\"},{\"@type\":\"ListItem\",\"position\":2,\"name\":\"Servi\u00e7o Alian\u00e7a Pela Vida realiza mais de 550 atendimentos em 48 horas\"}]},{\"@type\":\"WebSite\",\"@id\":\"https:\/\/aliancapelavida.com.br\/floripa\/#website\",\"url\":\"https:\/\/aliancapelavida.com.br\/floripa\/\",\"name\":\"Alian\u00e7a pela Vida\",\"description\":\"Empres&aacute;rios e entidades formam uma alian&ccedil;a pela vida e sa&uacute;de de Florian&oacute;polis.\",\"publisher\":{\"@id\":\"https:\/\/aliancapelavida.com.br\/floripa\/#organization\"},\"potentialAction\":[{\"@type\":\"SearchAction\",\"target\":{\"@type\":\"EntryPoint\",\"urlTemplate\":\"https:\/\/aliancapelavida.com.br\/floripa\/?s={search_term_string}\"},\"query-input\":{\"@type\":\"PropertyValueSpecification\",\"valueRequired\":true,\"valueName\":\"search_term_string\"}}],\"inLanguage\":\"pt-BR\"},{\"@type\":\"Organization\",\"@id\":\"https:\/\/aliancapelavida.com.br\/floripa\/#organization\",\"name\":\"Alian\u00e7a pela Vida\",\"url\":\"https:\/\/aliancapelavida.com.br\/floripa\/\",\"logo\":{\"@type\":\"ImageObject\",\"inLanguage\":\"pt-BR\",\"@id\":\"https:\/\/aliancapelavida.com.br\/floripa\/#\/schema\/logo\/image\/\",\"url\":\"https:\/\/aliancapelavida.com.br\/floripa\/wp-content\/uploads\/2021\/04\/cropped-icone-alianca-pela-vida.png\",\"contentUrl\":\"https:\/\/aliancapelavida.com.br\/floripa\/wp-content\/uploads\/2021\/04\/cropped-icone-alianca-pela-vida.png\",\"width\":512,\"height\":512,\"caption\":\"Alian\u00e7a pela Vida\"},\"image\":{\"@id\":\"https:\/\/aliancapelavida.com.br\/floripa\/#\/schema\/logo\/image\/\"}},{\"@type\":\"Person\",\"@id\":\"https:\/\/aliancapelavida.com.br\/floripa\/#\/schema\/person\/4e00d8650ea4ec998a3c004c2b1154a0\",\"name\":\"lucas.d@acif.org.br\",\"image\":{\"@type\":\"ImageObject\",\"inLanguage\":\"pt-BR\",\"@id\":\"https:\/\/secure.gravatar.com\/avatar\/d49874567149003eef7bf04e691f92017566c9d0619fdaa2beb97c1b98f3252c?s=96&d=mm&r=g\",\"url\":\"https:\/\/secure.gravatar.com\/avatar\/d49874567149003eef7bf04e691f92017566c9d0619fdaa2beb97c1b98f3252c?s=96&d=mm&r=g\",\"contentUrl\":\"https:\/\/secure.gravatar.com\/avatar\/d49874567149003eef7bf04e691f92017566c9d0619fdaa2beb97c1b98f3252c?s=96&d=mm&r=g\",\"caption\":\"lucas.d@acif.org.br\"},\"sameAs\":[\"https:\/\/aliancapelavida.com.br\/floripa\"]}]}<\/script>\n<!-- \/ Yoast SEO plugin. -->","yoast_head_json":{"title":"Servi\u00e7o Alian\u00e7a Pela Vida realiza mais de 550 atendimentos em 48 horas &#8226; Alian\u00e7a pela Vida","robots":{"index":"index","follow":"follow","max-snippet":"max-snippet:-1","max-image-preview":"max-image-preview:large","max-video-preview":"max-video-preview:-1"},"canonical":"https:\/\/aliancapelavida.com.br\/floripa\/2021\/03\/29\/servico-alianca-pela-vida-monitora-pacientes-de-covid-que-se-recuperam-em-casa-2\/","og_locale":"pt_BR","og_type":"article","og_title":"Servi\u00e7o Alian\u00e7a Pela Vida realiza mais de 550 atendimentos em 48 horas &#8226; Alian\u00e7a pela Vida","og_url":"https:\/\/aliancapelavida.com.br\/floripa\/2021\/03\/29\/servico-alianca-pela-vida-monitora-pacientes-de-covid-que-se-recuperam-em-casa-2\/","og_site_name":"Alian\u00e7a pela Vida","article_published_time":"2021-03-29T14:17:45+00:00","article_modified_time":"2021-04-13T23:02:49+00:00","og_image":[{"width":800,"height":500,"url":"https:\/\/aliancapelavida.com.br\/floripa\/wp-content\/uploads\/2021\/04\/dc.jpg","type":"image\/jpeg"}],"author":"lucas.d@acif.org.br","twitter_card":"summary_large_image","twitter_misc":{"Escrito por":"lucas.d@acif.org.br","Est. tempo de leitura":"1 minuto"},"schema":{"@context":"https:\/\/schema.org","@graph":[{"@type":"Article","@id":"https:\/\/aliancapelavida.com.br\/floripa\/2021\/03\/29\/servico-alianca-pela-vida-monitora-pacientes-de-covid-que-se-recuperam-em-casa-2\/#article","isPartOf":{"@id":"https:\/\/aliancapelavida.com.br\/floripa\/2021\/03\/29\/servico-alianca-pela-vida-monitora-pacientes-de-covid-que-se-recuperam-em-casa-2\/"},"author":{"name":"lucas.d@acif.org.br","@id":"https:\/\/aliancapelavida.com.br\/floripa\/#\/schema\/person\/4e00d8650ea4ec998a3c004c2b1154a0"},"headline":"Servi\u00e7o Alian\u00e7a Pela Vida realiza mais de 550 atendimentos em 48 horas","datePublished":"2021-03-29T14:17:45+00:00","dateModified":"2021-04-13T23:02:49+00:00","mainEntityOfPage":{"@id":"https:\/\/aliancapelavida.com.br\/floripa\/2021\/03\/29\/servico-alianca-pela-vida-monitora-pacientes-de-covid-que-se-recuperam-em-casa-2\/"},"wordCount":192,"commentCount":0,"publisher":{"@id":"https:\/\/aliancapelavida.com.br\/floripa\/#organization"},"image":{"@id":"https:\/\/aliancapelavida.com.br\/floripa\/2021\/03\/29\/servico-alianca-pela-vida-monitora-pacientes-de-covid-que-se-recuperam-em-casa-2\/#primaryimage"},"thumbnailUrl":"https:\/\/aliancapelavida.com.br\/floripa\/wp-content\/uploads\/2021\/04\/dc.jpg","articleSection":["Not\u00edcias Alian\u00e7a Pela Vida"],"inLanguage":"pt-BR","potentialAction":[{"@type":"CommentAction","name":"Comment","target":["https:\/\/aliancapelavida.com.br\/floripa\/2021\/03\/29\/servico-alianca-pela-vida-monitora-pacientes-de-covid-que-se-recuperam-em-casa-2\/#respond"]}]},{"@type":"WebPage","@id":"https:\/\/aliancapelavida.com.br\/floripa\/2021\/03\/29\/servico-alianca-pela-vida-monitora-pacientes-de-covid-que-se-recuperam-em-casa-2\/","url":"https:\/\/aliancapelavida.com.br\/floripa\/2021\/03\/29\/servico-alianca-pela-vida-monitora-pacientes-de-covid-que-se-recuperam-em-casa-2\/","name":"Servi\u00e7o Alian\u00e7a Pela Vida realiza mais de 550 atendimentos em 48 horas &#8226; Alian\u00e7a pela Vida","isPartOf":{"@id":"https:\/\/aliancapelavida.com.br\/floripa\/#website"},"primaryImageOfPage":{"@id":"https:\/\/aliancapelavida.com.br\/floripa\/2021\/03\/29\/servico-alianca-pela-vida-monitora-pacientes-de-covid-que-se-recuperam-em-casa-2\/#primaryimage"},"image":{"@id":"https:\/\/aliancapelavida.com.br\/floripa\/2021\/03\/29\/servico-alianca-pela-vida-monitora-pacientes-de-covid-que-se-recuperam-em-casa-2\/#primaryimage"},"thumbnailUrl":"https:\/\/aliancapelavida.com.br\/floripa\/wp-content\/uploads\/2021\/04\/dc.jpg","datePublished":"2021-03-29T14:17:45+00:00","dateModified":"2021-04-13T23:02:49+00:00","breadcrumb":{"@id":"https:\/\/aliancapelavida.com.br\/floripa\/2021\/03\/29\/servico-alianca-pela-vida-monitora-pacientes-de-covid-que-se-recuperam-em-casa-2\/#breadcrumb"},"inLanguage":"pt-BR","potentialAction":[{"@type":"ReadAction","target":["https:\/\/aliancapelavida.com.br\/floripa\/2021\/03\/29\/servico-alianca-pela-vida-monitora-pacientes-de-covid-que-se-recuperam-em-casa-2\/"]}]},{"@type":"ImageObject","inLanguage":"pt-BR","@id":"https:\/\/aliancapelavida.com.br\/floripa\/2021\/03\/29\/servico-alianca-pela-vida-monitora-pacientes-de-covid-que-se-recuperam-em-casa-2\/#primaryimage","url":"https:\/\/aliancapelavida.com.br\/floripa\/wp-content\/uploads\/2021\/04\/dc.jpg","contentUrl":"https:\/\/aliancapelavida.com.br\/floripa\/wp-content\/uploads\/2021\/04\/dc.jpg","width":800,"height":500},{"@type":"BreadcrumbList","@id":"https:\/\/aliancapelavida.com.br\/floripa\/2021\/03\/29\/servico-alianca-pela-vida-monitora-pacientes-de-covid-que-se-recuperam-em-casa-2\/#breadcrumb","itemListElement":[{"@type":"ListItem","position":1,"name":"In\u00edcio","item":"https:\/\/aliancapelavida.com.br\/floripa\/"},{"@type":"ListItem","position":2,"name":"Servi\u00e7o Alian\u00e7a Pela Vida realiza mais de 550 atendimentos em 48 horas"}]},{"@type":"WebSite","@id":"https:\/\/aliancapelavida.com.br\/floripa\/#website","url":"https:\/\/aliancapelavida.com.br\/floripa\/","name":"Alian\u00e7a pela Vida","description":"Empres&aacute;rios e entidades formam uma alian&ccedil;a pela vida e sa&uacute;de de Florian&oacute;polis.","publisher":{"@id":"https:\/\/aliancapelavida.com.br\/floripa\/#organization"},"potentialAction":[{"@type":"SearchAction","target":{"@type":"EntryPoint","urlTemplate":"https:\/\/aliancapelavida.com.br\/floripa\/?s={search_term_string}"},"query-input":{"@type":"PropertyValueSpecification","valueRequired":true,"valueName":"search_term_string"}}],"inLanguage":"pt-BR"},{"@type":"Organization","@id":"https:\/\/aliancapelavida.com.br\/floripa\/#organization","name":"Alian\u00e7a pela Vida","url":"https:\/\/aliancapelavida.com.br\/floripa\/","logo":{"@type":"ImageObject","inLanguage":"pt-BR","@id":"https:\/\/aliancapelavida.com.br\/floripa\/#\/schema\/logo\/image\/","url":"https:\/\/aliancapelavida.com.br\/floripa\/wp-content\/uploads\/2021\/04\/cropped-icone-alianca-pela-vida.png","contentUrl":"https:\/\/aliancapelavida.com.br\/floripa\/wp-content\/uploads\/2021\/04\/cropped-icone-alianca-pela-vida.png","width":512,"height":512,"caption":"Alian\u00e7a pela Vida"},"image":{"@id":"https:\/\/aliancapelavida.com.br\/floripa\/#\/schema\/logo\/image\/"}},{"@type":"Person","@id":"https:\/\/aliancapelavida.com.br\/floripa\/#\/schema\/person\/4e00d8650ea4ec998a3c004c2b1154a0","name":"lucas.d@acif.org.br","image":{"@type":"ImageObject","inLanguage":"pt-BR","@id":"https:\/\/secure.gravatar.com\/avatar\/d49874567149003eef7bf04e691f92017566c9d0619fdaa2beb97c1b98f3252c?s=96&d=mm&r=g","url":"https:\/\/secure.gravatar.com\/avatar\/d49874567149003eef7bf04e691f92017566c9d0619fdaa2beb97c1b98f3252c?s=96&d=mm&r=g","contentUrl":"https:\/\/secure.gravatar.com\/avatar\/d49874567149003eef7bf04e691f92017566c9d0619fdaa2beb97c1b98f3252c?s=96&d=mm&r=g","caption":"lucas.d@acif.org.br"},"sameAs":["https:\/\/aliancapelavida.com.br\/floripa"]}]}},"_links":{"self":[{"href":"https:\/\/aliancapelavida.com.br\/floripa\/wp-json\/wp\/v2\/posts\/495","targetHints":{"allow":["GET"]}}],"collection":[{"href":"https:\/\/aliancapelavida.com.br\/floripa\/wp-json\/wp\/v2\/posts"}],"about":[{"href":"https:\/\/aliancapelavida.com.br\/floripa\/wp-json\/wp\/v2\/types\/post"}],"author":[{"embeddable":true,"href":"https:\/\/aliancapelavida.com.br\/floripa\/wp-json\/wp\/v2\/users\/1"}],"replies":[{"embeddable":true,"href":"https:\/\/aliancapelavida.com.br\/floripa\/wp-json\/wp\/v2\/comments?post=495"}],"version-history":[{"count":9,"href":"https:\/\/aliancapelavida.com.br\/floripa\/wp-json\/wp\/v2\/posts\/495\/revisions"}],"predecessor-version":[{"id":559,"href":"https:\/\/aliancapelavida.com.br\/floripa\/wp-json\/wp\/v2\/posts\/495\/revisions\/559"}],"wp:featuredmedia":[{"embeddable":true,"href":"https:\/\/aliancapelavida.com.br\/floripa\/wp-json\/wp\/v2\/media\/499"}],"wp:attachment":[{"href":"https:\/\/aliancapelavida.com.br\/floripa\/wp-json\/wp\/v2\/media?parent=495"}],"wp:term":[{"taxonomy":"category","embeddable":true,"href":"https:\/\/aliancapelavida.com.br\/floripa\/wp-json\/wp\/v2\/categories?post=495"},{"taxonomy":"post_tag","embeddable":true,"href":"https:\/\/aliancapelavida.com.br\/floripa\/wp-json\/wp\/v2\/tags?post=495"}],"curies":[{"name":"wp","href":"https:\/\/api.w.org\/{rel}","templated":true}]}}