{"id":460,"date":"2021-04-06T13:29:52","date_gmt":"2021-04-06T13:29:52","guid":{"rendered":"https:\/\/aliancapelavida.com.br\/floripa\/?p=460"},"modified":"2021-04-13T22:31:25","modified_gmt":"2021-04-13T22:31:25","slug":"servico-alianca-pela-vida-monitora-pacientes-de-covid-que-se-recuperam-em-casa","status":"publish","type":"post","link":"https:\/\/aliancapelavida.com.br\/floripa\/2021\/04\/06\/servico-alianca-pela-vida-monitora-pacientes-de-covid-que-se-recuperam-em-casa\/","title":{"rendered":"Servi\u00e7o Alian\u00e7a Pela Vida monitora pacientes de Covid que se recuperam em casa"},"content":{"rendered":"\t\t<div data-elementor-type=\"wp-post\" data-elementor-id=\"460\" class=\"elementor elementor-460\">\n\t\t\t\t\t\t<section class=\"elementor-section elementor-top-section elementor-element elementor-element-411cabd5 elementor-section-boxed elementor-section-height-default elementor-section-height-default\" data-id=\"411cabd5\" data-element_type=\"section\">\n\t\t\t\t\t\t<div class=\"elementor-container elementor-column-gap-default\">\n\t\t\t\t\t<div class=\"elementor-column elementor-col-100 elementor-top-column elementor-element elementor-element-7d25175d\" data-id=\"7d25175d\" data-element_type=\"column\">\n\t\t\t<div class=\"elementor-widget-wrap elementor-element-populated\">\n\t\t\t\t\t\t<div class=\"elementor-element elementor-element-2b6e310d elementor-widget elementor-widget-text-editor\" data-id=\"2b6e310d\" data-element_type=\"widget\" data-widget_type=\"text-editor.default\">\n\t\t\t\t<div class=\"elementor-widget-container\">\n\t\t\t\t\t\t\t\t\t<p><\/p>\n<h1 class=\"Title__StyledTitle-lnz96o-0 TitleField__StyledTitle-i5xyum-0 duiPGe StyledTitle StyledTitle\">Servi\u00e7o Alian\u00e7a Pela Vida monitora pacientes de Covid que se recuperam em casa<\/h1>\n<div>\u00a0<\/div>\n<div>\u00a0<\/div>\n<h1 class=\"Title__StyledTitle-lnz96o-0 TitleField__StyledTitle-i5xyum-0 duiPGe StyledTitle StyledTitle\" style=\"font-style: normal;\"><img fetchpriority=\"high\" decoding=\"async\" class=\"aligncenter wp-image-463 size-full\" style=\"font-size: 2em;\" src=\"https:\/\/aliancapelavida.com.br\/floripa\/wp-content\/uploads\/2021\/04\/HelpAliancaPelaSaude_1.jpg\" alt=\"\" width=\"750\" height=\"469\" srcset=\"https:\/\/aliancapelavida.com.br\/floripa\/wp-content\/uploads\/2021\/04\/HelpAliancaPelaSaude_1.jpg 750w, https:\/\/aliancapelavida.com.br\/floripa\/wp-content\/uploads\/2021\/04\/HelpAliancaPelaSaude_1-300x188.jpg 300w\" sizes=\"(max-width: 750px) 100vw, 750px\" \/><\/h1>\n<pre class=\"Image__Figure-sc-41h18v-0 duXOXj Figure\">Sala da Help da qual profissionais fazem o acompanhamento de pacientes por telemedicina (Foto: Divulga\u00e7\u00e3o)<\/pre>\n<div id=\"counter-template\">\u00a0<\/div>\n<p class=\"Paragraph-fglk4o-0 fRAIDv StyledParagraph\" data-key=\"194\"><span data-key=\"195\">A Alian\u00e7a Pela Vida, servi\u00e7o privado de atendimento domiciliar a pacientes com sintomas de Covid-19, desenvolvido por entidades empresariais, est\u00e1 atingindo os objetivos na Grande Florian\u00f3polis. Do total de 1.853 pessoas atendidas nas duas primeiras semanas de trabalho, 46% (858) est\u00e3o se recuperando em casa, mas em monitoramento, 1% (13) foram encaminhadas a hospitais ou unidades de pronto atendimento e 53% (982) j\u00e1 tiveram melhora.<\/span><\/p>\n<p class=\"Paragraph-fglk4o-0 fRAIDv StyledParagraph\" data-key=\"196\"><a class=\"link__StyledLink-sc-1a5y48t-0 dLDkyg StyledLink\" href=\"https:\/\/www.nsctotal.com.br\/colunistas\/estela-benetti\/novo-atendimento-para-covid-comeca-nos-proximos-dias-na-grande\" target=\"_blank\" rel=\"noopener\" data-key=\"197\" data-type=\"LINK\"><span data-key=\"198\"><strong>Grande Florian\u00f3polis tem novo servi\u00e7o gratuito de atendimento \u00e0 Covid-19<\/strong><\/span><\/a><\/p>\n<p class=\"Paragraph-fglk4o-0 fRAIDv StyledParagraph\" data-key=\"199\"><span data-key=\"200\">O servi\u00e7o, que abrange os munic\u00edpios de Florian\u00f3polis, S\u00e3o Jos\u00e9, Palho\u00e7a e Bigua\u00e7u, visa oferecer atendimento adicional para evitar que pacientes tenham situa\u00e7\u00e3o agravada por falta de assist\u00eancia m\u00e9dica porque os sistemas de sa\u00fade est\u00e3o sobrecarregados. A assist\u00eancia \u00e9 prestada gratuitamente para pacientes do SUS o do setor privado pela Help Emerg\u00eancias M\u00e9dicas. \u00c9 custeada por doa\u00e7\u00f5es que alcan\u00e7aram at\u00e9 agora R$ 3,5 milh\u00f5es.<\/span><\/p>\n<p class=\"Paragraph-fglk4o-0 fRAIDv StyledParagraph\" data-key=\"251\"><span data-key=\"252\">De acordo com o diretor t\u00e9cnico da Help, Gustavo Ayala Duarte, a empresa segue um protocolo de atendimento que prioriza redu\u00e7\u00e3o da replica\u00e7\u00e3o viral, redu\u00e7\u00e3o da atividade inflamat\u00f3ria, tratamento de infec\u00e7\u00e3o pulmonar secund\u00e1ria, preven\u00e7\u00e3o de eventos tromb\u00f3ticos, tratamento de hipoxemia silenciosa e melhoria geral dos pacientes.<\/span><\/p>\n<p class=\"Paragraph-fglk4o-0 fRAIDv StyledParagraph\" data-key=\"253\"><span data-key=\"254\">O servi\u00e7o inclui exames gratuitos realizados pelo Laborat\u00f3rio Santa Luzia, empresa do grupo Dasa. Os investimentos no Alian\u00e7a Pela Vida s\u00e3o realizados pela Associa\u00e7\u00e3o Empresarial de Florian\u00f3polis (Acif), CDL de Florian\u00f3polis, Engie Brasil Energia, Sinduscon Grande Florian\u00f3polis, Associa\u00e7\u00e3o Catarinense de Tecnologia (Acate), Associa\u00e7\u00e3o Empresarial da Regi\u00e3o Metropolitana de Florian\u00f3polis (Aemflo), Associa\u00e7\u00e3o Catarinense de Medicina (ACM), Federa\u00e7\u00e3o das Ind\u00fastrias do Estado (Fiesc), movimento Floripa Sustent\u00e1vel, OAB\/SC e Intelbras.<\/span><\/p>\n<p class=\"Paragraph-fglk4o-0 fRAIDv StyledParagraph\" data-key=\"255\"><span data-key=\"256\">O telefone para solicita\u00e7\u00e3o de atendimento, tanto por telemedicina quanto com visita domiciliar, \u00e9 o <strong>0800 402 0000<\/strong>.<\/span><\/p>\n<div class=\"ColumnistInfo__Author-gsm71j-1 jkmFgA Author\">Por\u00a0Estela Benetti<\/div>\n<div class=\"ColumnistInfo__DateInfo-gsm71j-2 daCTqQ DateInfo\">06\/04\/2021 &#8211; 16h19\u00a0&#8211; Atualizada em: 06\/04\/2021 &#8211; 17h15<\/div>\n<p><\/p>\t\t\t\t\t\t\t\t<\/div>\n\t\t\t\t<\/div>\n\t\t\t\t\t<\/div>\n\t\t<\/div>\n\t\t\t\t\t<\/div>\n\t\t<\/section>\n\t\t\t\t<\/div>\n\t\t","protected":false},"excerpt":{"rendered":"","protected":false},"author":1,"featured_media":463,"comment_status":"open","ping_status":"open","sticky":false,"template":"elementor_canvas","format":"standard","meta":{"footnotes":""},"categories":[6],"tags":[],"class_list":["post-460","post","type-post","status-publish","format-standard","has-post-thumbnail","hentry","category-noticias-alianca-pela-vida"],"yoast_head":"<!-- This site is optimized with the Yoast SEO plugin v27.2 - https:\/\/yoast.com\/product\/yoast-seo-wordpress\/ -->\n<title>Servi\u00e7o Alian\u00e7a Pela Vida monitora pacientes de Covid que se recuperam em casa &#8226; Alian\u00e7a pela Vida<\/title>\n<meta name=\"robots\" content=\"index, follow, max-snippet:-1, max-image-preview:large, max-video-preview:-1\" \/>\n<link rel=\"canonical\" href=\"https:\/\/aliancapelavida.com.br\/floripa\/2021\/04\/06\/servico-alianca-pela-vida-monitora-pacientes-de-covid-que-se-recuperam-em-casa\/\" \/>\n<meta property=\"og:locale\" content=\"pt_BR\" \/>\n<meta property=\"og:type\" content=\"article\" \/>\n<meta property=\"og:title\" content=\"Servi\u00e7o Alian\u00e7a Pela Vida monitora pacientes de Covid que se recuperam em casa &#8226; Alian\u00e7a pela Vida\" \/>\n<meta property=\"og:url\" content=\"https:\/\/aliancapelavida.com.br\/floripa\/2021\/04\/06\/servico-alianca-pela-vida-monitora-pacientes-de-covid-que-se-recuperam-em-casa\/\" \/>\n<meta property=\"og:site_name\" content=\"Alian\u00e7a pela Vida\" \/>\n<meta property=\"article:published_time\" content=\"2021-04-06T13:29:52+00:00\" \/>\n<meta property=\"article:modified_time\" content=\"2021-04-13T22:31:25+00:00\" \/>\n<meta property=\"og:image\" content=\"https:\/\/aliancapelavida.com.br\/floripa\/wp-content\/uploads\/2021\/04\/HelpAliancaPelaSaude_1.jpg\" \/>\n\t<meta property=\"og:image:width\" content=\"750\" \/>\n\t<meta property=\"og:image:height\" content=\"469\" \/>\n\t<meta property=\"og:image:type\" content=\"image\/jpeg\" \/>\n<meta name=\"author\" content=\"lucas.d@acif.org.br\" \/>\n<meta name=\"twitter:card\" content=\"summary_large_image\" \/>\n<meta name=\"twitter:label1\" content=\"Escrito por\" \/>\n\t<meta name=\"twitter:data1\" content=\"lucas.d@acif.org.br\" \/>\n\t<meta name=\"twitter:label2\" content=\"Est. tempo de leitura\" \/>\n\t<meta name=\"twitter:data2\" content=\"2 minutos\" \/>\n<script type=\"application\/ld+json\" class=\"yoast-schema-graph\">{\"@context\":\"https:\/\/schema.org\",\"@graph\":[{\"@type\":\"Article\",\"@id\":\"https:\/\/aliancapelavida.com.br\/floripa\/2021\/04\/06\/servico-alianca-pela-vida-monitora-pacientes-de-covid-que-se-recuperam-em-casa\/#article\",\"isPartOf\":{\"@id\":\"https:\/\/aliancapelavida.com.br\/floripa\/2021\/04\/06\/servico-alianca-pela-vida-monitora-pacientes-de-covid-que-se-recuperam-em-casa\/\"},\"author\":{\"name\":\"lucas.d@acif.org.br\",\"@id\":\"https:\/\/aliancapelavida.com.br\/floripa\/#\/schema\/person\/4e00d8650ea4ec998a3c004c2b1154a0\"},\"headline\":\"Servi\u00e7o Alian\u00e7a Pela Vida monitora pacientes de Covid que se recuperam em casa\",\"datePublished\":\"2021-04-06T13:29:52+00:00\",\"dateModified\":\"2021-04-13T22:31:25+00:00\",\"mainEntityOfPage\":{\"@id\":\"https:\/\/aliancapelavida.com.br\/floripa\/2021\/04\/06\/servico-alianca-pela-vida-monitora-pacientes-de-covid-que-se-recuperam-em-casa\/\"},\"wordCount\":345,\"commentCount\":0,\"publisher\":{\"@id\":\"https:\/\/aliancapelavida.com.br\/floripa\/#organization\"},\"image\":{\"@id\":\"https:\/\/aliancapelavida.com.br\/floripa\/2021\/04\/06\/servico-alianca-pela-vida-monitora-pacientes-de-covid-que-se-recuperam-em-casa\/#primaryimage\"},\"thumbnailUrl\":\"https:\/\/aliancapelavida.com.br\/floripa\/wp-content\/uploads\/2021\/04\/HelpAliancaPelaSaude_1.jpg\",\"articleSection\":[\"Not\u00edcias Alian\u00e7a Pela Vida\"],\"inLanguage\":\"pt-BR\",\"potentialAction\":[{\"@type\":\"CommentAction\",\"name\":\"Comment\",\"target\":[\"https:\/\/aliancapelavida.com.br\/floripa\/2021\/04\/06\/servico-alianca-pela-vida-monitora-pacientes-de-covid-que-se-recuperam-em-casa\/#respond\"]}]},{\"@type\":\"WebPage\",\"@id\":\"https:\/\/aliancapelavida.com.br\/floripa\/2021\/04\/06\/servico-alianca-pela-vida-monitora-pacientes-de-covid-que-se-recuperam-em-casa\/\",\"url\":\"https:\/\/aliancapelavida.com.br\/floripa\/2021\/04\/06\/servico-alianca-pela-vida-monitora-pacientes-de-covid-que-se-recuperam-em-casa\/\",\"name\":\"Servi\u00e7o Alian\u00e7a Pela Vida monitora pacientes de Covid que se recuperam em casa &#8226; Alian\u00e7a pela Vida\",\"isPartOf\":{\"@id\":\"https:\/\/aliancapelavida.com.br\/floripa\/#website\"},\"primaryImageOfPage\":{\"@id\":\"https:\/\/aliancapelavida.com.br\/floripa\/2021\/04\/06\/servico-alianca-pela-vida-monitora-pacientes-de-covid-que-se-recuperam-em-casa\/#primaryimage\"},\"image\":{\"@id\":\"https:\/\/aliancapelavida.com.br\/floripa\/2021\/04\/06\/servico-alianca-pela-vida-monitora-pacientes-de-covid-que-se-recuperam-em-casa\/#primaryimage\"},\"thumbnailUrl\":\"https:\/\/aliancapelavida.com.br\/floripa\/wp-content\/uploads\/2021\/04\/HelpAliancaPelaSaude_1.jpg\",\"datePublished\":\"2021-04-06T13:29:52+00:00\",\"dateModified\":\"2021-04-13T22:31:25+00:00\",\"breadcrumb\":{\"@id\":\"https:\/\/aliancapelavida.com.br\/floripa\/2021\/04\/06\/servico-alianca-pela-vida-monitora-pacientes-de-covid-que-se-recuperam-em-casa\/#breadcrumb\"},\"inLanguage\":\"pt-BR\",\"potentialAction\":[{\"@type\":\"ReadAction\",\"target\":[\"https:\/\/aliancapelavida.com.br\/floripa\/2021\/04\/06\/servico-alianca-pela-vida-monitora-pacientes-de-covid-que-se-recuperam-em-casa\/\"]}]},{\"@type\":\"ImageObject\",\"inLanguage\":\"pt-BR\",\"@id\":\"https:\/\/aliancapelavida.com.br\/floripa\/2021\/04\/06\/servico-alianca-pela-vida-monitora-pacientes-de-covid-que-se-recuperam-em-casa\/#primaryimage\",\"url\":\"https:\/\/aliancapelavida.com.br\/floripa\/wp-content\/uploads\/2021\/04\/HelpAliancaPelaSaude_1.jpg\",\"contentUrl\":\"https:\/\/aliancapelavida.com.br\/floripa\/wp-content\/uploads\/2021\/04\/HelpAliancaPelaSaude_1.jpg\",\"width\":750,\"height\":469},{\"@type\":\"BreadcrumbList\",\"@id\":\"https:\/\/aliancapelavida.com.br\/floripa\/2021\/04\/06\/servico-alianca-pela-vida-monitora-pacientes-de-covid-que-se-recuperam-em-casa\/#breadcrumb\",\"itemListElement\":[{\"@type\":\"ListItem\",\"position\":1,\"name\":\"In\u00edcio\",\"item\":\"https:\/\/aliancapelavida.com.br\/floripa\/\"},{\"@type\":\"ListItem\",\"position\":2,\"name\":\"Servi\u00e7o Alian\u00e7a Pela Vida monitora pacientes de Covid que se recuperam em casa\"}]},{\"@type\":\"WebSite\",\"@id\":\"https:\/\/aliancapelavida.com.br\/floripa\/#website\",\"url\":\"https:\/\/aliancapelavida.com.br\/floripa\/\",\"name\":\"Alian\u00e7a pela Vida\",\"description\":\"Empres&aacute;rios e entidades formam uma alian&ccedil;a pela vida e sa&uacute;de de Florian&oacute;polis.\",\"publisher\":{\"@id\":\"https:\/\/aliancapelavida.com.br\/floripa\/#organization\"},\"potentialAction\":[{\"@type\":\"SearchAction\",\"target\":{\"@type\":\"EntryPoint\",\"urlTemplate\":\"https:\/\/aliancapelavida.com.br\/floripa\/?s={search_term_string}\"},\"query-input\":{\"@type\":\"PropertyValueSpecification\",\"valueRequired\":true,\"valueName\":\"search_term_string\"}}],\"inLanguage\":\"pt-BR\"},{\"@type\":\"Organization\",\"@id\":\"https:\/\/aliancapelavida.com.br\/floripa\/#organization\",\"name\":\"Alian\u00e7a pela Vida\",\"url\":\"https:\/\/aliancapelavida.com.br\/floripa\/\",\"logo\":{\"@type\":\"ImageObject\",\"inLanguage\":\"pt-BR\",\"@id\":\"https:\/\/aliancapelavida.com.br\/floripa\/#\/schema\/logo\/image\/\",\"url\":\"https:\/\/aliancapelavida.com.br\/floripa\/wp-content\/uploads\/2021\/04\/cropped-icone-alianca-pela-vida.png\",\"contentUrl\":\"https:\/\/aliancapelavida.com.br\/floripa\/wp-content\/uploads\/2021\/04\/cropped-icone-alianca-pela-vida.png\",\"width\":512,\"height\":512,\"caption\":\"Alian\u00e7a pela Vida\"},\"image\":{\"@id\":\"https:\/\/aliancapelavida.com.br\/floripa\/#\/schema\/logo\/image\/\"}},{\"@type\":\"Person\",\"@id\":\"https:\/\/aliancapelavida.com.br\/floripa\/#\/schema\/person\/4e00d8650ea4ec998a3c004c2b1154a0\",\"name\":\"lucas.d@acif.org.br\",\"image\":{\"@type\":\"ImageObject\",\"inLanguage\":\"pt-BR\",\"@id\":\"https:\/\/secure.gravatar.com\/avatar\/d49874567149003eef7bf04e691f92017566c9d0619fdaa2beb97c1b98f3252c?s=96&d=mm&r=g\",\"url\":\"https:\/\/secure.gravatar.com\/avatar\/d49874567149003eef7bf04e691f92017566c9d0619fdaa2beb97c1b98f3252c?s=96&d=mm&r=g\",\"contentUrl\":\"https:\/\/secure.gravatar.com\/avatar\/d49874567149003eef7bf04e691f92017566c9d0619fdaa2beb97c1b98f3252c?s=96&d=mm&r=g\",\"caption\":\"lucas.d@acif.org.br\"},\"sameAs\":[\"https:\/\/aliancapelavida.com.br\/floripa\"]}]}<\/script>\n<!-- \/ Yoast SEO plugin. -->","yoast_head_json":{"title":"Servi\u00e7o Alian\u00e7a Pela Vida monitora pacientes de Covid que se recuperam em casa &#8226; Alian\u00e7a pela Vida","robots":{"index":"index","follow":"follow","max-snippet":"max-snippet:-1","max-image-preview":"max-image-preview:large","max-video-preview":"max-video-preview:-1"},"canonical":"https:\/\/aliancapelavida.com.br\/floripa\/2021\/04\/06\/servico-alianca-pela-vida-monitora-pacientes-de-covid-que-se-recuperam-em-casa\/","og_locale":"pt_BR","og_type":"article","og_title":"Servi\u00e7o Alian\u00e7a Pela Vida monitora pacientes de Covid que se recuperam em casa &#8226; Alian\u00e7a pela Vida","og_url":"https:\/\/aliancapelavida.com.br\/floripa\/2021\/04\/06\/servico-alianca-pela-vida-monitora-pacientes-de-covid-que-se-recuperam-em-casa\/","og_site_name":"Alian\u00e7a pela Vida","article_published_time":"2021-04-06T13:29:52+00:00","article_modified_time":"2021-04-13T22:31:25+00:00","og_image":[{"width":750,"height":469,"url":"https:\/\/aliancapelavida.com.br\/floripa\/wp-content\/uploads\/2021\/04\/HelpAliancaPelaSaude_1.jpg","type":"image\/jpeg"}],"author":"lucas.d@acif.org.br","twitter_card":"summary_large_image","twitter_misc":{"Escrito por":"lucas.d@acif.org.br","Est. tempo de leitura":"2 minutos"},"schema":{"@context":"https:\/\/schema.org","@graph":[{"@type":"Article","@id":"https:\/\/aliancapelavida.com.br\/floripa\/2021\/04\/06\/servico-alianca-pela-vida-monitora-pacientes-de-covid-que-se-recuperam-em-casa\/#article","isPartOf":{"@id":"https:\/\/aliancapelavida.com.br\/floripa\/2021\/04\/06\/servico-alianca-pela-vida-monitora-pacientes-de-covid-que-se-recuperam-em-casa\/"},"author":{"name":"lucas.d@acif.org.br","@id":"https:\/\/aliancapelavida.com.br\/floripa\/#\/schema\/person\/4e00d8650ea4ec998a3c004c2b1154a0"},"headline":"Servi\u00e7o Alian\u00e7a Pela Vida monitora pacientes de Covid que se recuperam em casa","datePublished":"2021-04-06T13:29:52+00:00","dateModified":"2021-04-13T22:31:25+00:00","mainEntityOfPage":{"@id":"https:\/\/aliancapelavida.com.br\/floripa\/2021\/04\/06\/servico-alianca-pela-vida-monitora-pacientes-de-covid-que-se-recuperam-em-casa\/"},"wordCount":345,"commentCount":0,"publisher":{"@id":"https:\/\/aliancapelavida.com.br\/floripa\/#organization"},"image":{"@id":"https:\/\/aliancapelavida.com.br\/floripa\/2021\/04\/06\/servico-alianca-pela-vida-monitora-pacientes-de-covid-que-se-recuperam-em-casa\/#primaryimage"},"thumbnailUrl":"https:\/\/aliancapelavida.com.br\/floripa\/wp-content\/uploads\/2021\/04\/HelpAliancaPelaSaude_1.jpg","articleSection":["Not\u00edcias Alian\u00e7a Pela Vida"],"inLanguage":"pt-BR","potentialAction":[{"@type":"CommentAction","name":"Comment","target":["https:\/\/aliancapelavida.com.br\/floripa\/2021\/04\/06\/servico-alianca-pela-vida-monitora-pacientes-de-covid-que-se-recuperam-em-casa\/#respond"]}]},{"@type":"WebPage","@id":"https:\/\/aliancapelavida.com.br\/floripa\/2021\/04\/06\/servico-alianca-pela-vida-monitora-pacientes-de-covid-que-se-recuperam-em-casa\/","url":"https:\/\/aliancapelavida.com.br\/floripa\/2021\/04\/06\/servico-alianca-pela-vida-monitora-pacientes-de-covid-que-se-recuperam-em-casa\/","name":"Servi\u00e7o Alian\u00e7a Pela Vida monitora pacientes de Covid que se recuperam em casa &#8226; Alian\u00e7a pela Vida","isPartOf":{"@id":"https:\/\/aliancapelavida.com.br\/floripa\/#website"},"primaryImageOfPage":{"@id":"https:\/\/aliancapelavida.com.br\/floripa\/2021\/04\/06\/servico-alianca-pela-vida-monitora-pacientes-de-covid-que-se-recuperam-em-casa\/#primaryimage"},"image":{"@id":"https:\/\/aliancapelavida.com.br\/floripa\/2021\/04\/06\/servico-alianca-pela-vida-monitora-pacientes-de-covid-que-se-recuperam-em-casa\/#primaryimage"},"thumbnailUrl":"https:\/\/aliancapelavida.com.br\/floripa\/wp-content\/uploads\/2021\/04\/HelpAliancaPelaSaude_1.jpg","datePublished":"2021-04-06T13:29:52+00:00","dateModified":"2021-04-13T22:31:25+00:00","breadcrumb":{"@id":"https:\/\/aliancapelavida.com.br\/floripa\/2021\/04\/06\/servico-alianca-pela-vida-monitora-pacientes-de-covid-que-se-recuperam-em-casa\/#breadcrumb"},"inLanguage":"pt-BR","potentialAction":[{"@type":"ReadAction","target":["https:\/\/aliancapelavida.com.br\/floripa\/2021\/04\/06\/servico-alianca-pela-vida-monitora-pacientes-de-covid-que-se-recuperam-em-casa\/"]}]},{"@type":"ImageObject","inLanguage":"pt-BR","@id":"https:\/\/aliancapelavida.com.br\/floripa\/2021\/04\/06\/servico-alianca-pela-vida-monitora-pacientes-de-covid-que-se-recuperam-em-casa\/#primaryimage","url":"https:\/\/aliancapelavida.com.br\/floripa\/wp-content\/uploads\/2021\/04\/HelpAliancaPelaSaude_1.jpg","contentUrl":"https:\/\/aliancapelavida.com.br\/floripa\/wp-content\/uploads\/2021\/04\/HelpAliancaPelaSaude_1.jpg","width":750,"height":469},{"@type":"BreadcrumbList","@id":"https:\/\/aliancapelavida.com.br\/floripa\/2021\/04\/06\/servico-alianca-pela-vida-monitora-pacientes-de-covid-que-se-recuperam-em-casa\/#breadcrumb","itemListElement":[{"@type":"ListItem","position":1,"name":"In\u00edcio","item":"https:\/\/aliancapelavida.com.br\/floripa\/"},{"@type":"ListItem","position":2,"name":"Servi\u00e7o Alian\u00e7a Pela Vida monitora pacientes de Covid que se recuperam em casa"}]},{"@type":"WebSite","@id":"https:\/\/aliancapelavida.com.br\/floripa\/#website","url":"https:\/\/aliancapelavida.com.br\/floripa\/","name":"Alian\u00e7a pela Vida","description":"Empres&aacute;rios e entidades formam uma alian&ccedil;a pela vida e sa&uacute;de de Florian&oacute;polis.","publisher":{"@id":"https:\/\/aliancapelavida.com.br\/floripa\/#organization"},"potentialAction":[{"@type":"SearchAction","target":{"@type":"EntryPoint","urlTemplate":"https:\/\/aliancapelavida.com.br\/floripa\/?s={search_term_string}"},"query-input":{"@type":"PropertyValueSpecification","valueRequired":true,"valueName":"search_term_string"}}],"inLanguage":"pt-BR"},{"@type":"Organization","@id":"https:\/\/aliancapelavida.com.br\/floripa\/#organization","name":"Alian\u00e7a pela Vida","url":"https:\/\/aliancapelavida.com.br\/floripa\/","logo":{"@type":"ImageObject","inLanguage":"pt-BR","@id":"https:\/\/aliancapelavida.com.br\/floripa\/#\/schema\/logo\/image\/","url":"https:\/\/aliancapelavida.com.br\/floripa\/wp-content\/uploads\/2021\/04\/cropped-icone-alianca-pela-vida.png","contentUrl":"https:\/\/aliancapelavida.com.br\/floripa\/wp-content\/uploads\/2021\/04\/cropped-icone-alianca-pela-vida.png","width":512,"height":512,"caption":"Alian\u00e7a pela Vida"},"image":{"@id":"https:\/\/aliancapelavida.com.br\/floripa\/#\/schema\/logo\/image\/"}},{"@type":"Person","@id":"https:\/\/aliancapelavida.com.br\/floripa\/#\/schema\/person\/4e00d8650ea4ec998a3c004c2b1154a0","name":"lucas.d@acif.org.br","image":{"@type":"ImageObject","inLanguage":"pt-BR","@id":"https:\/\/secure.gravatar.com\/avatar\/d49874567149003eef7bf04e691f92017566c9d0619fdaa2beb97c1b98f3252c?s=96&d=mm&r=g","url":"https:\/\/secure.gravatar.com\/avatar\/d49874567149003eef7bf04e691f92017566c9d0619fdaa2beb97c1b98f3252c?s=96&d=mm&r=g","contentUrl":"https:\/\/secure.gravatar.com\/avatar\/d49874567149003eef7bf04e691f92017566c9d0619fdaa2beb97c1b98f3252c?s=96&d=mm&r=g","caption":"lucas.d@acif.org.br"},"sameAs":["https:\/\/aliancapelavida.com.br\/floripa"]}]}},"_links":{"self":[{"href":"https:\/\/aliancapelavida.com.br\/floripa\/wp-json\/wp\/v2\/posts\/460","targetHints":{"allow":["GET"]}}],"collection":[{"href":"https:\/\/aliancapelavida.com.br\/floripa\/wp-json\/wp\/v2\/posts"}],"about":[{"href":"https:\/\/aliancapelavida.com.br\/floripa\/wp-json\/wp\/v2\/types\/post"}],"author":[{"embeddable":true,"href":"https:\/\/aliancapelavida.com.br\/floripa\/wp-json\/wp\/v2\/users\/1"}],"replies":[{"embeddable":true,"href":"https:\/\/aliancapelavida.com.br\/floripa\/wp-json\/wp\/v2\/comments?post=460"}],"version-history":[{"count":5,"href":"https:\/\/aliancapelavida.com.br\/floripa\/wp-json\/wp\/v2\/posts\/460\/revisions"}],"predecessor-version":[{"id":467,"href":"https:\/\/aliancapelavida.com.br\/floripa\/wp-json\/wp\/v2\/posts\/460\/revisions\/467"}],"wp:featuredmedia":[{"embeddable":true,"href":"https:\/\/aliancapelavida.com.br\/floripa\/wp-json\/wp\/v2\/media\/463"}],"wp:attachment":[{"href":"https:\/\/aliancapelavida.com.br\/floripa\/wp-json\/wp\/v2\/media?parent=460"}],"wp:term":[{"taxonomy":"category","embeddable":true,"href":"https:\/\/aliancapelavida.com.br\/floripa\/wp-json\/wp\/v2\/categories?post=460"},{"taxonomy":"post_tag","embeddable":true,"href":"https:\/\/aliancapelavida.com.br\/floripa\/wp-json\/wp\/v2\/tags?post=460"}],"curies":[{"name":"wp","href":"https:\/\/api.w.org\/{rel}","templated":true}]}}