{"id":440,"date":"2021-04-10T12:09:22","date_gmt":"2021-04-10T12:09:22","guid":{"rendered":"https:\/\/aliancapelavida.com.br\/floripa\/?p=440"},"modified":"2021-04-13T23:05:31","modified_gmt":"2021-04-13T23:05:31","slug":"dados-do-alianca-pela-vida-chamam-atencao-por-casos-de-covid-ate-60-anos-e-acima-de-80-2","status":"publish","type":"post","link":"https:\/\/aliancapelavida.com.br\/floripa\/2021\/04\/10\/dados-do-alianca-pela-vida-chamam-atencao-por-casos-de-covid-ate-60-anos-e-acima-de-80-2\/","title":{"rendered":"Fila por leito de UTI reduz em SC e Grande Florian\u00f3polis zera espera"},"content":{"rendered":"\t\t<div data-elementor-type=\"wp-post\" data-elementor-id=\"440\" class=\"elementor elementor-440\">\n\t\t\t\t\t\t<section class=\"elementor-section elementor-top-section elementor-element elementor-element-411cabd5 elementor-section-boxed elementor-section-height-default elementor-section-height-default\" data-id=\"411cabd5\" data-element_type=\"section\">\n\t\t\t\t\t\t<div class=\"elementor-container elementor-column-gap-default\">\n\t\t\t\t\t<div class=\"elementor-column elementor-col-100 elementor-top-column elementor-element elementor-element-7d25175d\" data-id=\"7d25175d\" data-element_type=\"column\">\n\t\t\t<div class=\"elementor-widget-wrap elementor-element-populated\">\n\t\t\t\t\t\t<div class=\"elementor-element elementor-element-2b6e310d elementor-widget elementor-widget-text-editor\" data-id=\"2b6e310d\" data-element_type=\"widget\" data-widget_type=\"text-editor.default\">\n\t\t\t\t<div class=\"elementor-widget-container\">\n\t\t\t\t\t\t\t\t\t<p><\/p>\n<h1 class=\"title\">Fila por leito de UTI reduz em SC e Grande Florian\u00f3polis zera espera<\/h1>\n<p>\u00a0<\/p>\n<p>Regi\u00e3o se une a Chapec\u00f3, que conseguiu eliminar a fila de espera por um leito de tratamento intensivo.<\/p>\n<p>Aumentou para duas as regi\u00f5es que conseguiram zerar a fila de espera por leitos de UTI (Unidade de Terapia Intensiva) em Santa Catarina. Depois de Chapec\u00f3, a Grande Florian\u00f3polis \u00e9 a segunda regi\u00e3o sem pacientes aguardando por um leito para tratamento intensivo.<\/p>\n<figure class=\"wp-block-image size-large is-resized\"><img fetchpriority=\"high\" decoding=\"async\" class=\"aligncenter wp-image-441 size-full\" src=\"https:\/\/aliancapelavida.com.br\/floripa\/wp-content\/uploads\/2021\/04\/img_8119-800x533-1.jpg\" alt=\"\" width=\"800\" height=\"533\" srcset=\"https:\/\/aliancapelavida.com.br\/floripa\/wp-content\/uploads\/2021\/04\/img_8119-800x533-1.jpg 800w, https:\/\/aliancapelavida.com.br\/floripa\/wp-content\/uploads\/2021\/04\/img_8119-800x533-1-300x200.jpg 300w, https:\/\/aliancapelavida.com.br\/floripa\/wp-content\/uploads\/2021\/04\/img_8119-800x533-1-768x512.jpg 768w\" sizes=\"(max-width: 800px) 100vw, 800px\" \/><\/figure>\n<p><\/p>\n<p>\u00a0 \u00a0 \u00a0 \u00a0 \u00a0 \u00a0 \u00a0 \u00a0 \u00a0 \u00a0 \u00a0 \u00a0 \u00a0 \u00a0 \u00a0 \u00a0 \u00a0Foto: Divulgac\u00e3o\/Paulo Alceu\/ND<\/p>\n<p>Os dados foram atualizados pela\u00a0<a href=\"https:\/\/www.saude.sc.gov.br\/\" target=\"_blank\" rel=\"noopener noreferrer\">Secretaria de Estado da Sa\u00fade<\/a>\u00a0na sexta-feira (9). A elimina\u00e7\u00e3o da fila nas duas regi\u00f5es, no entanto, n\u00e3o indicam o t\u00e9rmino dos problemas. A ocupa\u00e7\u00e3o \u00e9 alta nas duas regi\u00f5es. Em Chapec\u00f3 n\u00e3o h\u00e1 fila, mas tamb\u00e9m n\u00e3o h\u00e1 leito. A taxa de ocupa\u00e7\u00e3o \u00e9 de 100%. Em Florian\u00f3polis, o \u00edndice \u00e9 de 96,31%.<\/p>\n<p>Apesar disso, s\u00e3o 134 pessoas aguardando um leito no Estado. A regi\u00e3o Norte Nordeste lidera a fila, com 76 pacientes \u00e0 espera de uma transfer\u00eancia. Joinville \u00e9 a cidade com maior d\u00e9ficit, s\u00e3o 54 pessoas na fila. A maior cidade de SC tem uma fila maior do que a regi\u00e3o inteira de Crici\u00fama, segunda na lista das que possuem mais d\u00e9ficit de leitos. S\u00f3 Joinville representa 40% de toda a fila catarinense.<\/p>\n<div id=\"_ppads_video\">\u00a0<\/div>\n<p>Embora a fila seja grande na regi\u00e3o Norte, o cen\u00e1rio estadual est\u00e1 em queda. A baixa na fila aconteceu pelo sexto dia consecutivo e chegou ao menor n\u00famero em quase 40 dias. Atualmente, a ocupa\u00e7\u00e3o geral de UTIs p\u00fablicas e adultas no Estado \u00e9 de 98,22%. Em toda Santa Catarina, s\u00e3o 34 cidades com paciente \u00e0 espera de uma UTI.<\/p>\n<p>O Estado confirmou, at\u00e9 sexta-feira, 11.874 mortes desde o in\u00edcio da pandemia.<\/p>\n<h2>Veja a fila nas regi\u00f5es:<\/h2>\n<p>\u00a0<\/p>\n<p>Grande Oeste \u2013 Chapec\u00f3: 0<\/p>\n<p>Meio Oeste \u2013 Joa\u00e7aba: 6<\/p>\n<p data-fetch=\"true\">Norte Nordeste \u2013 Joinville: 76<\/p>\n<p data-fetch=\"true\">\u00a0<\/p>\n<p data-fetch=\"true\"><span class=\"metadata author\">DRIKA EVARINI, JOINVILLE<\/span><span class=\"metadata date\">10\/04\/2021 \u00c0S 10H58\u00a0<span class=\"single-mod-date\">&#8211; Atualizado\u00a0<time class=\"entry-date published updated\" title=\"10\/04\/2021 \u00e0s 11h03\" datetime=\"10\/04\/2021 \u00e0s 11h03\">H\u00e1 2 dias<\/time><\/span><\/span><\/p>\n<p>https:\/\/ndmais.com.br\/saude\/fila-por-leito-de-uti-reduz-em-sc-e-grande-florianopolis-zera-espera\/<\/p>\n<p><\/p>\t\t\t\t\t\t\t\t<\/div>\n\t\t\t\t<\/div>\n\t\t\t\t\t<\/div>\n\t\t<\/div>\n\t\t\t\t\t<\/div>\n\t\t<\/section>\n\t\t\t\t<\/div>\n\t\t","protected":false},"excerpt":{"rendered":"<p>\u00a0 \u00a0 \u00a0 \u00a0 \u00a0 \u00a0 \u00a0 \u00a0 \u00a0 \u00a0 \u00a0 \u00a0 \u00a0 \u00a0 \u00a0 \u00a0 \u00a0Foto: Divulgac\u00e3o\/Paulo Alceu\/ND Os dados foram atualizados pela\u00a0Secretaria de Estado da Sa\u00fade\u00a0na sexta-feira (9). A elimina\u00e7\u00e3o da fila nas duas regi\u00f5es, no entanto, n\u00e3o indicam o t\u00e9rmino dos problemas. A ocupa\u00e7\u00e3o \u00e9 alta nas duas regi\u00f5es. Em Chapec\u00f3 n\u00e3o &hellip;<\/p>\n<p class=\"read-more\"> <a class=\"\" href=\"https:\/\/aliancapelavida.com.br\/floripa\/2021\/04\/10\/dados-do-alianca-pela-vida-chamam-atencao-por-casos-de-covid-ate-60-anos-e-acima-de-80-2\/\"> <span class=\"screen-reader-text\">Fila por leito de UTI reduz em SC e Grande Florian\u00f3polis zera espera<\/span> Leia mais &raquo;<\/a><\/p>\n","protected":false},"author":1,"featured_media":441,"comment_status":"open","ping_status":"open","sticky":false,"template":"elementor_canvas","format":"standard","meta":{"footnotes":""},"categories":[6],"tags":[],"class_list":["post-440","post","type-post","status-publish","format-standard","has-post-thumbnail","hentry","category-noticias-alianca-pela-vida"],"yoast_head":"<!-- This site is optimized with the Yoast SEO plugin v27.2 - https:\/\/yoast.com\/product\/yoast-seo-wordpress\/ -->\n<title>Fila por leito de UTI reduz em SC e Grande Florian\u00f3polis zera espera &#8226; Alian\u00e7a pela Vida<\/title>\n<meta name=\"robots\" content=\"index, follow, max-snippet:-1, max-image-preview:large, max-video-preview:-1\" \/>\n<link rel=\"canonical\" href=\"https:\/\/aliancapelavida.com.br\/floripa\/2021\/04\/10\/dados-do-alianca-pela-vida-chamam-atencao-por-casos-de-covid-ate-60-anos-e-acima-de-80-2\/\" \/>\n<meta property=\"og:locale\" content=\"pt_BR\" \/>\n<meta property=\"og:type\" content=\"article\" \/>\n<meta property=\"og:title\" content=\"Fila por leito de UTI reduz em SC e Grande Florian\u00f3polis zera espera &#8226; Alian\u00e7a pela Vida\" \/>\n<meta property=\"og:description\" content=\"\u00a0 \u00a0 \u00a0 \u00a0 \u00a0 \u00a0 \u00a0 \u00a0 \u00a0 \u00a0 \u00a0 \u00a0 \u00a0 \u00a0 \u00a0 \u00a0 \u00a0Foto: Divulgac\u00e3o\/Paulo Alceu\/ND Os dados foram atualizados pela\u00a0Secretaria de Estado da Sa\u00fade\u00a0na sexta-feira (9). A elimina\u00e7\u00e3o da fila nas duas regi\u00f5es, no entanto, n\u00e3o indicam o t\u00e9rmino dos problemas. A ocupa\u00e7\u00e3o \u00e9 alta nas duas regi\u00f5es. Em Chapec\u00f3 n\u00e3o &hellip; Fila por leito de UTI reduz em SC e Grande Florian\u00f3polis zera espera Leia mais &raquo;\" \/>\n<meta property=\"og:url\" content=\"https:\/\/aliancapelavida.com.br\/floripa\/2021\/04\/10\/dados-do-alianca-pela-vida-chamam-atencao-por-casos-de-covid-ate-60-anos-e-acima-de-80-2\/\" \/>\n<meta property=\"og:site_name\" content=\"Alian\u00e7a pela Vida\" \/>\n<meta property=\"article:published_time\" content=\"2021-04-10T12:09:22+00:00\" \/>\n<meta property=\"article:modified_time\" content=\"2021-04-13T23:05:31+00:00\" \/>\n<meta property=\"og:image\" content=\"https:\/\/aliancapelavida.com.br\/floripa\/wp-content\/uploads\/2021\/04\/img_8119-800x533-1.jpg\" \/>\n\t<meta property=\"og:image:width\" content=\"800\" \/>\n\t<meta property=\"og:image:height\" content=\"533\" \/>\n\t<meta property=\"og:image:type\" content=\"image\/jpeg\" \/>\n<meta name=\"author\" content=\"lucas.d@acif.org.br\" \/>\n<meta name=\"twitter:card\" content=\"summary_large_image\" \/>\n<meta name=\"twitter:label1\" content=\"Escrito por\" \/>\n\t<meta name=\"twitter:data1\" content=\"lucas.d@acif.org.br\" \/>\n\t<meta name=\"twitter:label2\" content=\"Est. tempo de leitura\" \/>\n\t<meta name=\"twitter:data2\" content=\"2 minutos\" \/>\n<script type=\"application\/ld+json\" class=\"yoast-schema-graph\">{\"@context\":\"https:\/\/schema.org\",\"@graph\":[{\"@type\":\"Article\",\"@id\":\"https:\/\/aliancapelavida.com.br\/floripa\/2021\/04\/10\/dados-do-alianca-pela-vida-chamam-atencao-por-casos-de-covid-ate-60-anos-e-acima-de-80-2\/#article\",\"isPartOf\":{\"@id\":\"https:\/\/aliancapelavida.com.br\/floripa\/2021\/04\/10\/dados-do-alianca-pela-vida-chamam-atencao-por-casos-de-covid-ate-60-anos-e-acima-de-80-2\/\"},\"author\":{\"name\":\"lucas.d@acif.org.br\",\"@id\":\"https:\/\/aliancapelavida.com.br\/floripa\/#\/schema\/person\/4e00d8650ea4ec998a3c004c2b1154a0\"},\"headline\":\"Fila por leito de UTI reduz em SC e Grande Florian\u00f3polis zera espera\",\"datePublished\":\"2021-04-10T12:09:22+00:00\",\"dateModified\":\"2021-04-13T23:05:31+00:00\",\"mainEntityOfPage\":{\"@id\":\"https:\/\/aliancapelavida.com.br\/floripa\/2021\/04\/10\/dados-do-alianca-pela-vida-chamam-atencao-por-casos-de-covid-ate-60-anos-e-acima-de-80-2\/\"},\"wordCount\":340,\"commentCount\":0,\"publisher\":{\"@id\":\"https:\/\/aliancapelavida.com.br\/floripa\/#organization\"},\"image\":{\"@id\":\"https:\/\/aliancapelavida.com.br\/floripa\/2021\/04\/10\/dados-do-alianca-pela-vida-chamam-atencao-por-casos-de-covid-ate-60-anos-e-acima-de-80-2\/#primaryimage\"},\"thumbnailUrl\":\"https:\/\/aliancapelavida.com.br\/floripa\/wp-content\/uploads\/2021\/04\/img_8119-800x533-1.jpg\",\"articleSection\":[\"Not\u00edcias Alian\u00e7a Pela Vida\"],\"inLanguage\":\"pt-BR\",\"potentialAction\":[{\"@type\":\"CommentAction\",\"name\":\"Comment\",\"target\":[\"https:\/\/aliancapelavida.com.br\/floripa\/2021\/04\/10\/dados-do-alianca-pela-vida-chamam-atencao-por-casos-de-covid-ate-60-anos-e-acima-de-80-2\/#respond\"]}]},{\"@type\":\"WebPage\",\"@id\":\"https:\/\/aliancapelavida.com.br\/floripa\/2021\/04\/10\/dados-do-alianca-pela-vida-chamam-atencao-por-casos-de-covid-ate-60-anos-e-acima-de-80-2\/\",\"url\":\"https:\/\/aliancapelavida.com.br\/floripa\/2021\/04\/10\/dados-do-alianca-pela-vida-chamam-atencao-por-casos-de-covid-ate-60-anos-e-acima-de-80-2\/\",\"name\":\"Fila por leito de UTI reduz em SC e Grande Florian\u00f3polis zera espera &#8226; Alian\u00e7a pela Vida\",\"isPartOf\":{\"@id\":\"https:\/\/aliancapelavida.com.br\/floripa\/#website\"},\"primaryImageOfPage\":{\"@id\":\"https:\/\/aliancapelavida.com.br\/floripa\/2021\/04\/10\/dados-do-alianca-pela-vida-chamam-atencao-por-casos-de-covid-ate-60-anos-e-acima-de-80-2\/#primaryimage\"},\"image\":{\"@id\":\"https:\/\/aliancapelavida.com.br\/floripa\/2021\/04\/10\/dados-do-alianca-pela-vida-chamam-atencao-por-casos-de-covid-ate-60-anos-e-acima-de-80-2\/#primaryimage\"},\"thumbnailUrl\":\"https:\/\/aliancapelavida.com.br\/floripa\/wp-content\/uploads\/2021\/04\/img_8119-800x533-1.jpg\",\"datePublished\":\"2021-04-10T12:09:22+00:00\",\"dateModified\":\"2021-04-13T23:05:31+00:00\",\"breadcrumb\":{\"@id\":\"https:\/\/aliancapelavida.com.br\/floripa\/2021\/04\/10\/dados-do-alianca-pela-vida-chamam-atencao-por-casos-de-covid-ate-60-anos-e-acima-de-80-2\/#breadcrumb\"},\"inLanguage\":\"pt-BR\",\"potentialAction\":[{\"@type\":\"ReadAction\",\"target\":[\"https:\/\/aliancapelavida.com.br\/floripa\/2021\/04\/10\/dados-do-alianca-pela-vida-chamam-atencao-por-casos-de-covid-ate-60-anos-e-acima-de-80-2\/\"]}]},{\"@type\":\"ImageObject\",\"inLanguage\":\"pt-BR\",\"@id\":\"https:\/\/aliancapelavida.com.br\/floripa\/2021\/04\/10\/dados-do-alianca-pela-vida-chamam-atencao-por-casos-de-covid-ate-60-anos-e-acima-de-80-2\/#primaryimage\",\"url\":\"https:\/\/aliancapelavida.com.br\/floripa\/wp-content\/uploads\/2021\/04\/img_8119-800x533-1.jpg\",\"contentUrl\":\"https:\/\/aliancapelavida.com.br\/floripa\/wp-content\/uploads\/2021\/04\/img_8119-800x533-1.jpg\",\"width\":800,\"height\":533},{\"@type\":\"BreadcrumbList\",\"@id\":\"https:\/\/aliancapelavida.com.br\/floripa\/2021\/04\/10\/dados-do-alianca-pela-vida-chamam-atencao-por-casos-de-covid-ate-60-anos-e-acima-de-80-2\/#breadcrumb\",\"itemListElement\":[{\"@type\":\"ListItem\",\"position\":1,\"name\":\"In\u00edcio\",\"item\":\"https:\/\/aliancapelavida.com.br\/floripa\/\"},{\"@type\":\"ListItem\",\"position\":2,\"name\":\"Fila por leito de UTI reduz em SC e Grande Florian\u00f3polis zera espera\"}]},{\"@type\":\"WebSite\",\"@id\":\"https:\/\/aliancapelavida.com.br\/floripa\/#website\",\"url\":\"https:\/\/aliancapelavida.com.br\/floripa\/\",\"name\":\"Alian\u00e7a pela Vida\",\"description\":\"Empres&aacute;rios e entidades formam uma alian&ccedil;a pela vida e sa&uacute;de de Florian&oacute;polis.\",\"publisher\":{\"@id\":\"https:\/\/aliancapelavida.com.br\/floripa\/#organization\"},\"potentialAction\":[{\"@type\":\"SearchAction\",\"target\":{\"@type\":\"EntryPoint\",\"urlTemplate\":\"https:\/\/aliancapelavida.com.br\/floripa\/?s={search_term_string}\"},\"query-input\":{\"@type\":\"PropertyValueSpecification\",\"valueRequired\":true,\"valueName\":\"search_term_string\"}}],\"inLanguage\":\"pt-BR\"},{\"@type\":\"Organization\",\"@id\":\"https:\/\/aliancapelavida.com.br\/floripa\/#organization\",\"name\":\"Alian\u00e7a pela Vida\",\"url\":\"https:\/\/aliancapelavida.com.br\/floripa\/\",\"logo\":{\"@type\":\"ImageObject\",\"inLanguage\":\"pt-BR\",\"@id\":\"https:\/\/aliancapelavida.com.br\/floripa\/#\/schema\/logo\/image\/\",\"url\":\"https:\/\/aliancapelavida.com.br\/floripa\/wp-content\/uploads\/2021\/04\/cropped-icone-alianca-pela-vida.png\",\"contentUrl\":\"https:\/\/aliancapelavida.com.br\/floripa\/wp-content\/uploads\/2021\/04\/cropped-icone-alianca-pela-vida.png\",\"width\":512,\"height\":512,\"caption\":\"Alian\u00e7a pela Vida\"},\"image\":{\"@id\":\"https:\/\/aliancapelavida.com.br\/floripa\/#\/schema\/logo\/image\/\"}},{\"@type\":\"Person\",\"@id\":\"https:\/\/aliancapelavida.com.br\/floripa\/#\/schema\/person\/4e00d8650ea4ec998a3c004c2b1154a0\",\"name\":\"lucas.d@acif.org.br\",\"image\":{\"@type\":\"ImageObject\",\"inLanguage\":\"pt-BR\",\"@id\":\"https:\/\/secure.gravatar.com\/avatar\/d49874567149003eef7bf04e691f92017566c9d0619fdaa2beb97c1b98f3252c?s=96&d=mm&r=g\",\"url\":\"https:\/\/secure.gravatar.com\/avatar\/d49874567149003eef7bf04e691f92017566c9d0619fdaa2beb97c1b98f3252c?s=96&d=mm&r=g\",\"contentUrl\":\"https:\/\/secure.gravatar.com\/avatar\/d49874567149003eef7bf04e691f92017566c9d0619fdaa2beb97c1b98f3252c?s=96&d=mm&r=g\",\"caption\":\"lucas.d@acif.org.br\"},\"sameAs\":[\"https:\/\/aliancapelavida.com.br\/floripa\"]}]}<\/script>\n<!-- \/ Yoast SEO plugin. -->","yoast_head_json":{"title":"Fila por leito de UTI reduz em SC e Grande Florian\u00f3polis zera espera &#8226; Alian\u00e7a pela Vida","robots":{"index":"index","follow":"follow","max-snippet":"max-snippet:-1","max-image-preview":"max-image-preview:large","max-video-preview":"max-video-preview:-1"},"canonical":"https:\/\/aliancapelavida.com.br\/floripa\/2021\/04\/10\/dados-do-alianca-pela-vida-chamam-atencao-por-casos-de-covid-ate-60-anos-e-acima-de-80-2\/","og_locale":"pt_BR","og_type":"article","og_title":"Fila por leito de UTI reduz em SC e Grande Florian\u00f3polis zera espera &#8226; Alian\u00e7a pela Vida","og_description":"\u00a0 \u00a0 \u00a0 \u00a0 \u00a0 \u00a0 \u00a0 \u00a0 \u00a0 \u00a0 \u00a0 \u00a0 \u00a0 \u00a0 \u00a0 \u00a0 \u00a0Foto: Divulgac\u00e3o\/Paulo Alceu\/ND Os dados foram atualizados pela\u00a0Secretaria de Estado da Sa\u00fade\u00a0na sexta-feira (9). A elimina\u00e7\u00e3o da fila nas duas regi\u00f5es, no entanto, n\u00e3o indicam o t\u00e9rmino dos problemas. A ocupa\u00e7\u00e3o \u00e9 alta nas duas regi\u00f5es. Em Chapec\u00f3 n\u00e3o &hellip; Fila por leito de UTI reduz em SC e Grande Florian\u00f3polis zera espera Leia mais &raquo;","og_url":"https:\/\/aliancapelavida.com.br\/floripa\/2021\/04\/10\/dados-do-alianca-pela-vida-chamam-atencao-por-casos-de-covid-ate-60-anos-e-acima-de-80-2\/","og_site_name":"Alian\u00e7a pela Vida","article_published_time":"2021-04-10T12:09:22+00:00","article_modified_time":"2021-04-13T23:05:31+00:00","og_image":[{"width":800,"height":533,"url":"https:\/\/aliancapelavida.com.br\/floripa\/wp-content\/uploads\/2021\/04\/img_8119-800x533-1.jpg","type":"image\/jpeg"}],"author":"lucas.d@acif.org.br","twitter_card":"summary_large_image","twitter_misc":{"Escrito por":"lucas.d@acif.org.br","Est. tempo de leitura":"2 minutos"},"schema":{"@context":"https:\/\/schema.org","@graph":[{"@type":"Article","@id":"https:\/\/aliancapelavida.com.br\/floripa\/2021\/04\/10\/dados-do-alianca-pela-vida-chamam-atencao-por-casos-de-covid-ate-60-anos-e-acima-de-80-2\/#article","isPartOf":{"@id":"https:\/\/aliancapelavida.com.br\/floripa\/2021\/04\/10\/dados-do-alianca-pela-vida-chamam-atencao-por-casos-de-covid-ate-60-anos-e-acima-de-80-2\/"},"author":{"name":"lucas.d@acif.org.br","@id":"https:\/\/aliancapelavida.com.br\/floripa\/#\/schema\/person\/4e00d8650ea4ec998a3c004c2b1154a0"},"headline":"Fila por leito de UTI reduz em SC e Grande Florian\u00f3polis zera espera","datePublished":"2021-04-10T12:09:22+00:00","dateModified":"2021-04-13T23:05:31+00:00","mainEntityOfPage":{"@id":"https:\/\/aliancapelavida.com.br\/floripa\/2021\/04\/10\/dados-do-alianca-pela-vida-chamam-atencao-por-casos-de-covid-ate-60-anos-e-acima-de-80-2\/"},"wordCount":340,"commentCount":0,"publisher":{"@id":"https:\/\/aliancapelavida.com.br\/floripa\/#organization"},"image":{"@id":"https:\/\/aliancapelavida.com.br\/floripa\/2021\/04\/10\/dados-do-alianca-pela-vida-chamam-atencao-por-casos-de-covid-ate-60-anos-e-acima-de-80-2\/#primaryimage"},"thumbnailUrl":"https:\/\/aliancapelavida.com.br\/floripa\/wp-content\/uploads\/2021\/04\/img_8119-800x533-1.jpg","articleSection":["Not\u00edcias Alian\u00e7a Pela Vida"],"inLanguage":"pt-BR","potentialAction":[{"@type":"CommentAction","name":"Comment","target":["https:\/\/aliancapelavida.com.br\/floripa\/2021\/04\/10\/dados-do-alianca-pela-vida-chamam-atencao-por-casos-de-covid-ate-60-anos-e-acima-de-80-2\/#respond"]}]},{"@type":"WebPage","@id":"https:\/\/aliancapelavida.com.br\/floripa\/2021\/04\/10\/dados-do-alianca-pela-vida-chamam-atencao-por-casos-de-covid-ate-60-anos-e-acima-de-80-2\/","url":"https:\/\/aliancapelavida.com.br\/floripa\/2021\/04\/10\/dados-do-alianca-pela-vida-chamam-atencao-por-casos-de-covid-ate-60-anos-e-acima-de-80-2\/","name":"Fila por leito de UTI reduz em SC e Grande Florian\u00f3polis zera espera &#8226; Alian\u00e7a pela Vida","isPartOf":{"@id":"https:\/\/aliancapelavida.com.br\/floripa\/#website"},"primaryImageOfPage":{"@id":"https:\/\/aliancapelavida.com.br\/floripa\/2021\/04\/10\/dados-do-alianca-pela-vida-chamam-atencao-por-casos-de-covid-ate-60-anos-e-acima-de-80-2\/#primaryimage"},"image":{"@id":"https:\/\/aliancapelavida.com.br\/floripa\/2021\/04\/10\/dados-do-alianca-pela-vida-chamam-atencao-por-casos-de-covid-ate-60-anos-e-acima-de-80-2\/#primaryimage"},"thumbnailUrl":"https:\/\/aliancapelavida.com.br\/floripa\/wp-content\/uploads\/2021\/04\/img_8119-800x533-1.jpg","datePublished":"2021-04-10T12:09:22+00:00","dateModified":"2021-04-13T23:05:31+00:00","breadcrumb":{"@id":"https:\/\/aliancapelavida.com.br\/floripa\/2021\/04\/10\/dados-do-alianca-pela-vida-chamam-atencao-por-casos-de-covid-ate-60-anos-e-acima-de-80-2\/#breadcrumb"},"inLanguage":"pt-BR","potentialAction":[{"@type":"ReadAction","target":["https:\/\/aliancapelavida.com.br\/floripa\/2021\/04\/10\/dados-do-alianca-pela-vida-chamam-atencao-por-casos-de-covid-ate-60-anos-e-acima-de-80-2\/"]}]},{"@type":"ImageObject","inLanguage":"pt-BR","@id":"https:\/\/aliancapelavida.com.br\/floripa\/2021\/04\/10\/dados-do-alianca-pela-vida-chamam-atencao-por-casos-de-covid-ate-60-anos-e-acima-de-80-2\/#primaryimage","url":"https:\/\/aliancapelavida.com.br\/floripa\/wp-content\/uploads\/2021\/04\/img_8119-800x533-1.jpg","contentUrl":"https:\/\/aliancapelavida.com.br\/floripa\/wp-content\/uploads\/2021\/04\/img_8119-800x533-1.jpg","width":800,"height":533},{"@type":"BreadcrumbList","@id":"https:\/\/aliancapelavida.com.br\/floripa\/2021\/04\/10\/dados-do-alianca-pela-vida-chamam-atencao-por-casos-de-covid-ate-60-anos-e-acima-de-80-2\/#breadcrumb","itemListElement":[{"@type":"ListItem","position":1,"name":"In\u00edcio","item":"https:\/\/aliancapelavida.com.br\/floripa\/"},{"@type":"ListItem","position":2,"name":"Fila por leito de UTI reduz em SC e Grande Florian\u00f3polis zera espera"}]},{"@type":"WebSite","@id":"https:\/\/aliancapelavida.com.br\/floripa\/#website","url":"https:\/\/aliancapelavida.com.br\/floripa\/","name":"Alian\u00e7a pela Vida","description":"Empres&aacute;rios e entidades formam uma alian&ccedil;a pela vida e sa&uacute;de de Florian&oacute;polis.","publisher":{"@id":"https:\/\/aliancapelavida.com.br\/floripa\/#organization"},"potentialAction":[{"@type":"SearchAction","target":{"@type":"EntryPoint","urlTemplate":"https:\/\/aliancapelavida.com.br\/floripa\/?s={search_term_string}"},"query-input":{"@type":"PropertyValueSpecification","valueRequired":true,"valueName":"search_term_string"}}],"inLanguage":"pt-BR"},{"@type":"Organization","@id":"https:\/\/aliancapelavida.com.br\/floripa\/#organization","name":"Alian\u00e7a pela Vida","url":"https:\/\/aliancapelavida.com.br\/floripa\/","logo":{"@type":"ImageObject","inLanguage":"pt-BR","@id":"https:\/\/aliancapelavida.com.br\/floripa\/#\/schema\/logo\/image\/","url":"https:\/\/aliancapelavida.com.br\/floripa\/wp-content\/uploads\/2021\/04\/cropped-icone-alianca-pela-vida.png","contentUrl":"https:\/\/aliancapelavida.com.br\/floripa\/wp-content\/uploads\/2021\/04\/cropped-icone-alianca-pela-vida.png","width":512,"height":512,"caption":"Alian\u00e7a pela Vida"},"image":{"@id":"https:\/\/aliancapelavida.com.br\/floripa\/#\/schema\/logo\/image\/"}},{"@type":"Person","@id":"https:\/\/aliancapelavida.com.br\/floripa\/#\/schema\/person\/4e00d8650ea4ec998a3c004c2b1154a0","name":"lucas.d@acif.org.br","image":{"@type":"ImageObject","inLanguage":"pt-BR","@id":"https:\/\/secure.gravatar.com\/avatar\/d49874567149003eef7bf04e691f92017566c9d0619fdaa2beb97c1b98f3252c?s=96&d=mm&r=g","url":"https:\/\/secure.gravatar.com\/avatar\/d49874567149003eef7bf04e691f92017566c9d0619fdaa2beb97c1b98f3252c?s=96&d=mm&r=g","contentUrl":"https:\/\/secure.gravatar.com\/avatar\/d49874567149003eef7bf04e691f92017566c9d0619fdaa2beb97c1b98f3252c?s=96&d=mm&r=g","caption":"lucas.d@acif.org.br"},"sameAs":["https:\/\/aliancapelavida.com.br\/floripa"]}]}},"_links":{"self":[{"href":"https:\/\/aliancapelavida.com.br\/floripa\/wp-json\/wp\/v2\/posts\/440","targetHints":{"allow":["GET"]}}],"collection":[{"href":"https:\/\/aliancapelavida.com.br\/floripa\/wp-json\/wp\/v2\/posts"}],"about":[{"href":"https:\/\/aliancapelavida.com.br\/floripa\/wp-json\/wp\/v2\/types\/post"}],"author":[{"embeddable":true,"href":"https:\/\/aliancapelavida.com.br\/floripa\/wp-json\/wp\/v2\/users\/1"}],"replies":[{"embeddable":true,"href":"https:\/\/aliancapelavida.com.br\/floripa\/wp-json\/wp\/v2\/comments?post=440"}],"version-history":[{"count":7,"href":"https:\/\/aliancapelavida.com.br\/floripa\/wp-json\/wp\/v2\/posts\/440\/revisions"}],"predecessor-version":[{"id":454,"href":"https:\/\/aliancapelavida.com.br\/floripa\/wp-json\/wp\/v2\/posts\/440\/revisions\/454"}],"wp:featuredmedia":[{"embeddable":true,"href":"https:\/\/aliancapelavida.com.br\/floripa\/wp-json\/wp\/v2\/media\/441"}],"wp:attachment":[{"href":"https:\/\/aliancapelavida.com.br\/floripa\/wp-json\/wp\/v2\/media?parent=440"}],"wp:term":[{"taxonomy":"category","embeddable":true,"href":"https:\/\/aliancapelavida.com.br\/floripa\/wp-json\/wp\/v2\/categories?post=440"},{"taxonomy":"post_tag","embeddable":true,"href":"https:\/\/aliancapelavida.com.br\/floripa\/wp-json\/wp\/v2\/tags?post=440"}],"curies":[{"name":"wp","href":"https:\/\/api.w.org\/{rel}","templated":true}]}}