{"id":322,"date":"2021-04-06T11:52:20","date_gmt":"2021-04-06T11:52:20","guid":{"rendered":"https:\/\/aliancapelavida.com.br\/floripa\/?p=322"},"modified":"2021-04-13T22:33:00","modified_gmt":"2021-04-13T22:33:00","slug":"dados-do-alianca-pela-vida-chamam-atencao-por-casos-de-covid-ate-60-anos-e-acima-de-80","status":"publish","type":"post","link":"https:\/\/aliancapelavida.com.br\/floripa\/2021\/04\/06\/dados-do-alianca-pela-vida-chamam-atencao-por-casos-de-covid-ate-60-anos-e-acima-de-80\/","title":{"rendered":"Dados do Alian\u00e7a Pela Vida chamam aten\u00e7\u00e3o por casos de Covid at\u00e9 60 anos e acima de 80"},"content":{"rendered":"\t\t<div data-elementor-type=\"wp-post\" data-elementor-id=\"322\" class=\"elementor elementor-322\">\n\t\t\t\t\t\t<section class=\"elementor-section elementor-top-section elementor-element elementor-element-411cabd5 elementor-section-boxed elementor-section-height-default elementor-section-height-default\" data-id=\"411cabd5\" data-element_type=\"section\">\n\t\t\t\t\t\t<div class=\"elementor-container elementor-column-gap-default\">\n\t\t\t\t\t<div class=\"elementor-column elementor-col-100 elementor-top-column elementor-element elementor-element-7d25175d\" data-id=\"7d25175d\" data-element_type=\"column\">\n\t\t\t<div class=\"elementor-widget-wrap elementor-element-populated\">\n\t\t\t\t\t\t<div class=\"elementor-element elementor-element-4b33d67 elementor-widget elementor-widget-heading\" data-id=\"4b33d67\" data-element_type=\"widget\" data-widget_type=\"heading.default\">\n\t\t\t\t<div class=\"elementor-widget-container\">\n\t\t\t\t\t<h2 class=\"elementor-heading-title elementor-size-default\">Dados do Alian\u00e7a Pela Vida chamam aten\u00e7\u00e3o por casos de Covid at\u00e9 60 anos e acima de 80<\/h2>\t\t\t\t<\/div>\n\t\t\t\t<\/div>\n\t\t\t\t<div class=\"elementor-element elementor-element-2b6e310d elementor-widget elementor-widget-text-editor\" data-id=\"2b6e310d\" data-element_type=\"widget\" data-widget_type=\"text-editor.default\">\n\t\t\t\t<div class=\"elementor-widget-container\">\n\t\t\t\t\t\t\t\t\t\n<figure class=\"wp-block-image size-large is-resized\"><img fetchpriority=\"high\" decoding=\"async\" class=\"wp-image-332\" src=\"https:\/\/aliancapelavida.com.br\/floripa\/wp-content\/uploads\/2021\/04\/foto.jpg\" alt=\"\" width=\"1054\" height=\"659\" srcset=\"https:\/\/aliancapelavida.com.br\/floripa\/wp-content\/uploads\/2021\/04\/foto.jpg 800w, https:\/\/aliancapelavida.com.br\/floripa\/wp-content\/uploads\/2021\/04\/foto-300x188.jpg 300w, https:\/\/aliancapelavida.com.br\/floripa\/wp-content\/uploads\/2021\/04\/foto-768x480.jpg 768w\" sizes=\"(max-width: 1054px) 100vw, 1054px\" \/><\/figure>\n\n<p>O Alian\u00e7a Pela Vida, novo servi\u00e7o gratuito voltado a pacientes com Covid-19 na Grande Florian\u00f3polis, implantado por entidades empresariais, encerrou a primeira semana \u2013 entre os dias 21 a 29 de mar\u00e7o \u2013 com total de 1.355 atendimentos. Dois dados chamam aten\u00e7\u00e3o: 1.057 t\u00eam menos de 60 anos, o que equivale a 78% de todos os casos, e 186 (13,7%) est\u00e3o na faixa entre 81 a 90 anos. Desses acima de 80, a maioria j\u00e1 tinha tomado pelo menos a primeira dose da vacina contra a gripe. \u00c9 um ind\u00edcio de que podem ter se descuidado por pensarem que estavam imunizados antes de completar um m\u00eas ap\u00f3s a segunda dose.<\/p>\n\n<p>\u200bChama a aten\u00e7\u00e3o\u00b4tamb\u00e9m o elevado n\u00famero de casos em quase todas as faixas et\u00e1rias. Pacientes entre 91 e 100 anos (02), entre 81 e 90 anos (186), entre 71 e 80 anos (92), entre 61 e 70 anos (188), entre 51 e 60 anos (260), entre 41 e 50 anos (311), entre 31 e 40 anos (220), 21 e 30 anos (137) e entre 0 e 20 anos (127). Foram 1.224 atendimentos por telemedicina, 83 em deslocamento, 11 com deslocamento para hospitais e 76 com equipe presencial.<\/p>\n\n<p>O Alian\u00e7a Pela Vida \u00e9 um servi\u00e7o gratuito oferecido pelo setor privado para os munic\u00edpios de Florian\u00f3polis, S\u00e3o Jos\u00e9, Bigua\u00e7u e Palho\u00e7a. \u00c9 prestado pela Help Emerg\u00eancias M\u00e9dicas com investimentos da Associa\u00e7\u00e3o Empresarial de Florian\u00f3polis (Acif), C\u00e2mara de Dirigentes Lojistas de Florian\u00f3polis (CDL), empresa Engie Brasil Energia, Sinduscon Grande Florian\u00f3polis, Associa\u00e7\u00e3o Catarinense de Tecnologia (Acate), movimento Floripa Sustent\u00e1vel, Associa\u00e7\u00e3o Catarinense de Medicina (ACM), Federa\u00e7\u00e3o das Ind\u00fastrias de SC (Fiesc), OAB\/SC, Laborat\u00f3rio Santa Luzia\/DASA e a empresa Intelbras.<\/p>\n\n<p>O projeto visa oferecer atendimento m\u00e9dico para pacientes a domic\u00edlio enquanto hospitais p\u00fablicos e privados est\u00e3o lotados. Os investimentos das entidades e empresas superam R$ 3 milh\u00f5es. Na primeira semana, foram 782 chamadas em Florian\u00f3polis, 340 em S\u00e3o Jos\u00e9, 195 em Palho\u00e7a e 38 em Bigua\u00e7u. O atendimento \u00e9 pelo telefone <strong>0800 402 0000.<\/strong><\/p>\n\t\t\t\t\t\t\t\t<\/div>\n\t\t\t\t<\/div>\n\t\t\t\t\t<\/div>\n\t\t<\/div>\n\t\t\t\t\t<\/div>\n\t\t<\/section>\n\t\t\t\t<\/div>\n\t\t","protected":false},"excerpt":{"rendered":"<p>Dados do Alian\u00e7a Pela Vida chamam aten\u00e7\u00e3o por casos de Covid at\u00e9 60 anos e acima de 80 O Alian\u00e7a Pela Vida, novo servi\u00e7o gratuito voltado a pacientes com Covid-19 na Grande Florian\u00f3polis, implantado por entidades empresariais, encerrou a primeira semana \u2013 entre os dias 21 a 29 de mar\u00e7o \u2013 com total de 1.355 &hellip;<\/p>\n<p class=\"read-more\"> <a class=\"\" href=\"https:\/\/aliancapelavida.com.br\/floripa\/2021\/04\/06\/dados-do-alianca-pela-vida-chamam-atencao-por-casos-de-covid-ate-60-anos-e-acima-de-80\/\"> <span class=\"screen-reader-text\">Dados do Alian\u00e7a Pela Vida chamam aten\u00e7\u00e3o por casos de Covid at\u00e9 60 anos e acima de 80<\/span> Leia mais &raquo;<\/a><\/p>\n","protected":false},"author":1,"featured_media":332,"comment_status":"open","ping_status":"open","sticky":false,"template":"elementor_canvas","format":"standard","meta":{"footnotes":""},"categories":[6],"tags":[],"class_list":["post-322","post","type-post","status-publish","format-standard","has-post-thumbnail","hentry","category-noticias-alianca-pela-vida"],"yoast_head":"<!-- This site is optimized with the Yoast SEO plugin v27.2 - https:\/\/yoast.com\/product\/yoast-seo-wordpress\/ -->\n<title>Dados do Alian\u00e7a Pela Vida chamam aten\u00e7\u00e3o por casos de Covid at\u00e9 60 anos e acima de 80 &#8226; Alian\u00e7a pela Vida<\/title>\n<meta name=\"robots\" content=\"index, follow, max-snippet:-1, max-image-preview:large, max-video-preview:-1\" \/>\n<link rel=\"canonical\" href=\"https:\/\/aliancapelavida.com.br\/floripa\/2021\/04\/06\/dados-do-alianca-pela-vida-chamam-atencao-por-casos-de-covid-ate-60-anos-e-acima-de-80\/\" \/>\n<meta property=\"og:locale\" content=\"pt_BR\" \/>\n<meta property=\"og:type\" content=\"article\" \/>\n<meta property=\"og:title\" content=\"Dados do Alian\u00e7a Pela Vida chamam aten\u00e7\u00e3o por casos de Covid at\u00e9 60 anos e acima de 80 &#8226; Alian\u00e7a pela Vida\" \/>\n<meta property=\"og:description\" content=\"Dados do Alian\u00e7a Pela Vida chamam aten\u00e7\u00e3o por casos de Covid at\u00e9 60 anos e acima de 80 O Alian\u00e7a Pela Vida, novo servi\u00e7o gratuito voltado a pacientes com Covid-19 na Grande Florian\u00f3polis, implantado por entidades empresariais, encerrou a primeira semana \u2013 entre os dias 21 a 29 de mar\u00e7o \u2013 com total de 1.355 &hellip; Dados do Alian\u00e7a Pela Vida chamam aten\u00e7\u00e3o por casos de Covid at\u00e9 60 anos e acima de 80 Leia mais &raquo;\" \/>\n<meta property=\"og:url\" content=\"https:\/\/aliancapelavida.com.br\/floripa\/2021\/04\/06\/dados-do-alianca-pela-vida-chamam-atencao-por-casos-de-covid-ate-60-anos-e-acima-de-80\/\" \/>\n<meta property=\"og:site_name\" content=\"Alian\u00e7a pela Vida\" \/>\n<meta property=\"article:published_time\" content=\"2021-04-06T11:52:20+00:00\" \/>\n<meta property=\"article:modified_time\" content=\"2021-04-13T22:33:00+00:00\" \/>\n<meta property=\"og:image\" content=\"https:\/\/aliancapelavida.com.br\/floripa\/wp-content\/uploads\/2021\/04\/foto.jpg\" \/>\n\t<meta property=\"og:image:width\" content=\"800\" \/>\n\t<meta property=\"og:image:height\" content=\"500\" \/>\n\t<meta property=\"og:image:type\" content=\"image\/jpeg\" \/>\n<meta name=\"author\" content=\"lucas.d@acif.org.br\" \/>\n<meta name=\"twitter:card\" content=\"summary_large_image\" \/>\n<meta name=\"twitter:label1\" content=\"Escrito por\" \/>\n\t<meta name=\"twitter:data1\" content=\"lucas.d@acif.org.br\" \/>\n\t<meta name=\"twitter:label2\" content=\"Est. tempo de leitura\" \/>\n\t<meta name=\"twitter:data2\" content=\"2 minutos\" \/>\n<script type=\"application\/ld+json\" class=\"yoast-schema-graph\">{\"@context\":\"https:\/\/schema.org\",\"@graph\":[{\"@type\":\"Article\",\"@id\":\"https:\/\/aliancapelavida.com.br\/floripa\/2021\/04\/06\/dados-do-alianca-pela-vida-chamam-atencao-por-casos-de-covid-ate-60-anos-e-acima-de-80\/#article\",\"isPartOf\":{\"@id\":\"https:\/\/aliancapelavida.com.br\/floripa\/2021\/04\/06\/dados-do-alianca-pela-vida-chamam-atencao-por-casos-de-covid-ate-60-anos-e-acima-de-80\/\"},\"author\":{\"name\":\"lucas.d@acif.org.br\",\"@id\":\"https:\/\/aliancapelavida.com.br\/floripa\/#\/schema\/person\/4e00d8650ea4ec998a3c004c2b1154a0\"},\"headline\":\"Dados do Alian\u00e7a Pela Vida chamam aten\u00e7\u00e3o por casos de Covid at\u00e9 60 anos e acima de 80\",\"datePublished\":\"2021-04-06T11:52:20+00:00\",\"dateModified\":\"2021-04-13T22:33:00+00:00\",\"mainEntityOfPage\":{\"@id\":\"https:\/\/aliancapelavida.com.br\/floripa\/2021\/04\/06\/dados-do-alianca-pela-vida-chamam-atencao-por-casos-de-covid-ate-60-anos-e-acima-de-80\/\"},\"wordCount\":354,\"commentCount\":0,\"publisher\":{\"@id\":\"https:\/\/aliancapelavida.com.br\/floripa\/#organization\"},\"image\":{\"@id\":\"https:\/\/aliancapelavida.com.br\/floripa\/2021\/04\/06\/dados-do-alianca-pela-vida-chamam-atencao-por-casos-de-covid-ate-60-anos-e-acima-de-80\/#primaryimage\"},\"thumbnailUrl\":\"https:\/\/aliancapelavida.com.br\/floripa\/wp-content\/uploads\/2021\/04\/foto.jpg\",\"articleSection\":[\"Not\u00edcias Alian\u00e7a Pela Vida\"],\"inLanguage\":\"pt-BR\",\"potentialAction\":[{\"@type\":\"CommentAction\",\"name\":\"Comment\",\"target\":[\"https:\/\/aliancapelavida.com.br\/floripa\/2021\/04\/06\/dados-do-alianca-pela-vida-chamam-atencao-por-casos-de-covid-ate-60-anos-e-acima-de-80\/#respond\"]}]},{\"@type\":\"WebPage\",\"@id\":\"https:\/\/aliancapelavida.com.br\/floripa\/2021\/04\/06\/dados-do-alianca-pela-vida-chamam-atencao-por-casos-de-covid-ate-60-anos-e-acima-de-80\/\",\"url\":\"https:\/\/aliancapelavida.com.br\/floripa\/2021\/04\/06\/dados-do-alianca-pela-vida-chamam-atencao-por-casos-de-covid-ate-60-anos-e-acima-de-80\/\",\"name\":\"Dados do Alian\u00e7a Pela Vida chamam aten\u00e7\u00e3o por casos de Covid at\u00e9 60 anos e acima de 80 &#8226; Alian\u00e7a pela Vida\",\"isPartOf\":{\"@id\":\"https:\/\/aliancapelavida.com.br\/floripa\/#website\"},\"primaryImageOfPage\":{\"@id\":\"https:\/\/aliancapelavida.com.br\/floripa\/2021\/04\/06\/dados-do-alianca-pela-vida-chamam-atencao-por-casos-de-covid-ate-60-anos-e-acima-de-80\/#primaryimage\"},\"image\":{\"@id\":\"https:\/\/aliancapelavida.com.br\/floripa\/2021\/04\/06\/dados-do-alianca-pela-vida-chamam-atencao-por-casos-de-covid-ate-60-anos-e-acima-de-80\/#primaryimage\"},\"thumbnailUrl\":\"https:\/\/aliancapelavida.com.br\/floripa\/wp-content\/uploads\/2021\/04\/foto.jpg\",\"datePublished\":\"2021-04-06T11:52:20+00:00\",\"dateModified\":\"2021-04-13T22:33:00+00:00\",\"breadcrumb\":{\"@id\":\"https:\/\/aliancapelavida.com.br\/floripa\/2021\/04\/06\/dados-do-alianca-pela-vida-chamam-atencao-por-casos-de-covid-ate-60-anos-e-acima-de-80\/#breadcrumb\"},\"inLanguage\":\"pt-BR\",\"potentialAction\":[{\"@type\":\"ReadAction\",\"target\":[\"https:\/\/aliancapelavida.com.br\/floripa\/2021\/04\/06\/dados-do-alianca-pela-vida-chamam-atencao-por-casos-de-covid-ate-60-anos-e-acima-de-80\/\"]}]},{\"@type\":\"ImageObject\",\"inLanguage\":\"pt-BR\",\"@id\":\"https:\/\/aliancapelavida.com.br\/floripa\/2021\/04\/06\/dados-do-alianca-pela-vida-chamam-atencao-por-casos-de-covid-ate-60-anos-e-acima-de-80\/#primaryimage\",\"url\":\"https:\/\/aliancapelavida.com.br\/floripa\/wp-content\/uploads\/2021\/04\/foto.jpg\",\"contentUrl\":\"https:\/\/aliancapelavida.com.br\/floripa\/wp-content\/uploads\/2021\/04\/foto.jpg\",\"width\":800,\"height\":500},{\"@type\":\"BreadcrumbList\",\"@id\":\"https:\/\/aliancapelavida.com.br\/floripa\/2021\/04\/06\/dados-do-alianca-pela-vida-chamam-atencao-por-casos-de-covid-ate-60-anos-e-acima-de-80\/#breadcrumb\",\"itemListElement\":[{\"@type\":\"ListItem\",\"position\":1,\"name\":\"In\u00edcio\",\"item\":\"https:\/\/aliancapelavida.com.br\/floripa\/\"},{\"@type\":\"ListItem\",\"position\":2,\"name\":\"Dados do Alian\u00e7a Pela Vida chamam aten\u00e7\u00e3o por casos de Covid at\u00e9 60 anos e acima de 80\"}]},{\"@type\":\"WebSite\",\"@id\":\"https:\/\/aliancapelavida.com.br\/floripa\/#website\",\"url\":\"https:\/\/aliancapelavida.com.br\/floripa\/\",\"name\":\"Alian\u00e7a pela Vida\",\"description\":\"Empres&aacute;rios e entidades formam uma alian&ccedil;a pela vida e sa&uacute;de de Florian&oacute;polis.\",\"publisher\":{\"@id\":\"https:\/\/aliancapelavida.com.br\/floripa\/#organization\"},\"potentialAction\":[{\"@type\":\"SearchAction\",\"target\":{\"@type\":\"EntryPoint\",\"urlTemplate\":\"https:\/\/aliancapelavida.com.br\/floripa\/?s={search_term_string}\"},\"query-input\":{\"@type\":\"PropertyValueSpecification\",\"valueRequired\":true,\"valueName\":\"search_term_string\"}}],\"inLanguage\":\"pt-BR\"},{\"@type\":\"Organization\",\"@id\":\"https:\/\/aliancapelavida.com.br\/floripa\/#organization\",\"name\":\"Alian\u00e7a pela Vida\",\"url\":\"https:\/\/aliancapelavida.com.br\/floripa\/\",\"logo\":{\"@type\":\"ImageObject\",\"inLanguage\":\"pt-BR\",\"@id\":\"https:\/\/aliancapelavida.com.br\/floripa\/#\/schema\/logo\/image\/\",\"url\":\"https:\/\/aliancapelavida.com.br\/floripa\/wp-content\/uploads\/2021\/04\/cropped-icone-alianca-pela-vida.png\",\"contentUrl\":\"https:\/\/aliancapelavida.com.br\/floripa\/wp-content\/uploads\/2021\/04\/cropped-icone-alianca-pela-vida.png\",\"width\":512,\"height\":512,\"caption\":\"Alian\u00e7a pela Vida\"},\"image\":{\"@id\":\"https:\/\/aliancapelavida.com.br\/floripa\/#\/schema\/logo\/image\/\"}},{\"@type\":\"Person\",\"@id\":\"https:\/\/aliancapelavida.com.br\/floripa\/#\/schema\/person\/4e00d8650ea4ec998a3c004c2b1154a0\",\"name\":\"lucas.d@acif.org.br\",\"image\":{\"@type\":\"ImageObject\",\"inLanguage\":\"pt-BR\",\"@id\":\"https:\/\/secure.gravatar.com\/avatar\/d49874567149003eef7bf04e691f92017566c9d0619fdaa2beb97c1b98f3252c?s=96&d=mm&r=g\",\"url\":\"https:\/\/secure.gravatar.com\/avatar\/d49874567149003eef7bf04e691f92017566c9d0619fdaa2beb97c1b98f3252c?s=96&d=mm&r=g\",\"contentUrl\":\"https:\/\/secure.gravatar.com\/avatar\/d49874567149003eef7bf04e691f92017566c9d0619fdaa2beb97c1b98f3252c?s=96&d=mm&r=g\",\"caption\":\"lucas.d@acif.org.br\"},\"sameAs\":[\"https:\/\/aliancapelavida.com.br\/floripa\"]}]}<\/script>\n<!-- \/ Yoast SEO plugin. -->","yoast_head_json":{"title":"Dados do Alian\u00e7a Pela Vida chamam aten\u00e7\u00e3o por casos de Covid at\u00e9 60 anos e acima de 80 &#8226; Alian\u00e7a pela Vida","robots":{"index":"index","follow":"follow","max-snippet":"max-snippet:-1","max-image-preview":"max-image-preview:large","max-video-preview":"max-video-preview:-1"},"canonical":"https:\/\/aliancapelavida.com.br\/floripa\/2021\/04\/06\/dados-do-alianca-pela-vida-chamam-atencao-por-casos-de-covid-ate-60-anos-e-acima-de-80\/","og_locale":"pt_BR","og_type":"article","og_title":"Dados do Alian\u00e7a Pela Vida chamam aten\u00e7\u00e3o por casos de Covid at\u00e9 60 anos e acima de 80 &#8226; Alian\u00e7a pela Vida","og_description":"Dados do Alian\u00e7a Pela Vida chamam aten\u00e7\u00e3o por casos de Covid at\u00e9 60 anos e acima de 80 O Alian\u00e7a Pela Vida, novo servi\u00e7o gratuito voltado a pacientes com Covid-19 na Grande Florian\u00f3polis, implantado por entidades empresariais, encerrou a primeira semana \u2013 entre os dias 21 a 29 de mar\u00e7o \u2013 com total de 1.355 &hellip; Dados do Alian\u00e7a Pela Vida chamam aten\u00e7\u00e3o por casos de Covid at\u00e9 60 anos e acima de 80 Leia mais &raquo;","og_url":"https:\/\/aliancapelavida.com.br\/floripa\/2021\/04\/06\/dados-do-alianca-pela-vida-chamam-atencao-por-casos-de-covid-ate-60-anos-e-acima-de-80\/","og_site_name":"Alian\u00e7a pela Vida","article_published_time":"2021-04-06T11:52:20+00:00","article_modified_time":"2021-04-13T22:33:00+00:00","og_image":[{"width":800,"height":500,"url":"https:\/\/aliancapelavida.com.br\/floripa\/wp-content\/uploads\/2021\/04\/foto.jpg","type":"image\/jpeg"}],"author":"lucas.d@acif.org.br","twitter_card":"summary_large_image","twitter_misc":{"Escrito por":"lucas.d@acif.org.br","Est. tempo de leitura":"2 minutos"},"schema":{"@context":"https:\/\/schema.org","@graph":[{"@type":"Article","@id":"https:\/\/aliancapelavida.com.br\/floripa\/2021\/04\/06\/dados-do-alianca-pela-vida-chamam-atencao-por-casos-de-covid-ate-60-anos-e-acima-de-80\/#article","isPartOf":{"@id":"https:\/\/aliancapelavida.com.br\/floripa\/2021\/04\/06\/dados-do-alianca-pela-vida-chamam-atencao-por-casos-de-covid-ate-60-anos-e-acima-de-80\/"},"author":{"name":"lucas.d@acif.org.br","@id":"https:\/\/aliancapelavida.com.br\/floripa\/#\/schema\/person\/4e00d8650ea4ec998a3c004c2b1154a0"},"headline":"Dados do Alian\u00e7a Pela Vida chamam aten\u00e7\u00e3o por casos de Covid at\u00e9 60 anos e acima de 80","datePublished":"2021-04-06T11:52:20+00:00","dateModified":"2021-04-13T22:33:00+00:00","mainEntityOfPage":{"@id":"https:\/\/aliancapelavida.com.br\/floripa\/2021\/04\/06\/dados-do-alianca-pela-vida-chamam-atencao-por-casos-de-covid-ate-60-anos-e-acima-de-80\/"},"wordCount":354,"commentCount":0,"publisher":{"@id":"https:\/\/aliancapelavida.com.br\/floripa\/#organization"},"image":{"@id":"https:\/\/aliancapelavida.com.br\/floripa\/2021\/04\/06\/dados-do-alianca-pela-vida-chamam-atencao-por-casos-de-covid-ate-60-anos-e-acima-de-80\/#primaryimage"},"thumbnailUrl":"https:\/\/aliancapelavida.com.br\/floripa\/wp-content\/uploads\/2021\/04\/foto.jpg","articleSection":["Not\u00edcias Alian\u00e7a Pela Vida"],"inLanguage":"pt-BR","potentialAction":[{"@type":"CommentAction","name":"Comment","target":["https:\/\/aliancapelavida.com.br\/floripa\/2021\/04\/06\/dados-do-alianca-pela-vida-chamam-atencao-por-casos-de-covid-ate-60-anos-e-acima-de-80\/#respond"]}]},{"@type":"WebPage","@id":"https:\/\/aliancapelavida.com.br\/floripa\/2021\/04\/06\/dados-do-alianca-pela-vida-chamam-atencao-por-casos-de-covid-ate-60-anos-e-acima-de-80\/","url":"https:\/\/aliancapelavida.com.br\/floripa\/2021\/04\/06\/dados-do-alianca-pela-vida-chamam-atencao-por-casos-de-covid-ate-60-anos-e-acima-de-80\/","name":"Dados do Alian\u00e7a Pela Vida chamam aten\u00e7\u00e3o por casos de Covid at\u00e9 60 anos e acima de 80 &#8226; Alian\u00e7a pela Vida","isPartOf":{"@id":"https:\/\/aliancapelavida.com.br\/floripa\/#website"},"primaryImageOfPage":{"@id":"https:\/\/aliancapelavida.com.br\/floripa\/2021\/04\/06\/dados-do-alianca-pela-vida-chamam-atencao-por-casos-de-covid-ate-60-anos-e-acima-de-80\/#primaryimage"},"image":{"@id":"https:\/\/aliancapelavida.com.br\/floripa\/2021\/04\/06\/dados-do-alianca-pela-vida-chamam-atencao-por-casos-de-covid-ate-60-anos-e-acima-de-80\/#primaryimage"},"thumbnailUrl":"https:\/\/aliancapelavida.com.br\/floripa\/wp-content\/uploads\/2021\/04\/foto.jpg","datePublished":"2021-04-06T11:52:20+00:00","dateModified":"2021-04-13T22:33:00+00:00","breadcrumb":{"@id":"https:\/\/aliancapelavida.com.br\/floripa\/2021\/04\/06\/dados-do-alianca-pela-vida-chamam-atencao-por-casos-de-covid-ate-60-anos-e-acima-de-80\/#breadcrumb"},"inLanguage":"pt-BR","potentialAction":[{"@type":"ReadAction","target":["https:\/\/aliancapelavida.com.br\/floripa\/2021\/04\/06\/dados-do-alianca-pela-vida-chamam-atencao-por-casos-de-covid-ate-60-anos-e-acima-de-80\/"]}]},{"@type":"ImageObject","inLanguage":"pt-BR","@id":"https:\/\/aliancapelavida.com.br\/floripa\/2021\/04\/06\/dados-do-alianca-pela-vida-chamam-atencao-por-casos-de-covid-ate-60-anos-e-acima-de-80\/#primaryimage","url":"https:\/\/aliancapelavida.com.br\/floripa\/wp-content\/uploads\/2021\/04\/foto.jpg","contentUrl":"https:\/\/aliancapelavida.com.br\/floripa\/wp-content\/uploads\/2021\/04\/foto.jpg","width":800,"height":500},{"@type":"BreadcrumbList","@id":"https:\/\/aliancapelavida.com.br\/floripa\/2021\/04\/06\/dados-do-alianca-pela-vida-chamam-atencao-por-casos-de-covid-ate-60-anos-e-acima-de-80\/#breadcrumb","itemListElement":[{"@type":"ListItem","position":1,"name":"In\u00edcio","item":"https:\/\/aliancapelavida.com.br\/floripa\/"},{"@type":"ListItem","position":2,"name":"Dados do Alian\u00e7a Pela Vida chamam aten\u00e7\u00e3o por casos de Covid at\u00e9 60 anos e acima de 80"}]},{"@type":"WebSite","@id":"https:\/\/aliancapelavida.com.br\/floripa\/#website","url":"https:\/\/aliancapelavida.com.br\/floripa\/","name":"Alian\u00e7a pela Vida","description":"Empres&aacute;rios e entidades formam uma alian&ccedil;a pela vida e sa&uacute;de de Florian&oacute;polis.","publisher":{"@id":"https:\/\/aliancapelavida.com.br\/floripa\/#organization"},"potentialAction":[{"@type":"SearchAction","target":{"@type":"EntryPoint","urlTemplate":"https:\/\/aliancapelavida.com.br\/floripa\/?s={search_term_string}"},"query-input":{"@type":"PropertyValueSpecification","valueRequired":true,"valueName":"search_term_string"}}],"inLanguage":"pt-BR"},{"@type":"Organization","@id":"https:\/\/aliancapelavida.com.br\/floripa\/#organization","name":"Alian\u00e7a pela Vida","url":"https:\/\/aliancapelavida.com.br\/floripa\/","logo":{"@type":"ImageObject","inLanguage":"pt-BR","@id":"https:\/\/aliancapelavida.com.br\/floripa\/#\/schema\/logo\/image\/","url":"https:\/\/aliancapelavida.com.br\/floripa\/wp-content\/uploads\/2021\/04\/cropped-icone-alianca-pela-vida.png","contentUrl":"https:\/\/aliancapelavida.com.br\/floripa\/wp-content\/uploads\/2021\/04\/cropped-icone-alianca-pela-vida.png","width":512,"height":512,"caption":"Alian\u00e7a pela Vida"},"image":{"@id":"https:\/\/aliancapelavida.com.br\/floripa\/#\/schema\/logo\/image\/"}},{"@type":"Person","@id":"https:\/\/aliancapelavida.com.br\/floripa\/#\/schema\/person\/4e00d8650ea4ec998a3c004c2b1154a0","name":"lucas.d@acif.org.br","image":{"@type":"ImageObject","inLanguage":"pt-BR","@id":"https:\/\/secure.gravatar.com\/avatar\/d49874567149003eef7bf04e691f92017566c9d0619fdaa2beb97c1b98f3252c?s=96&d=mm&r=g","url":"https:\/\/secure.gravatar.com\/avatar\/d49874567149003eef7bf04e691f92017566c9d0619fdaa2beb97c1b98f3252c?s=96&d=mm&r=g","contentUrl":"https:\/\/secure.gravatar.com\/avatar\/d49874567149003eef7bf04e691f92017566c9d0619fdaa2beb97c1b98f3252c?s=96&d=mm&r=g","caption":"lucas.d@acif.org.br"},"sameAs":["https:\/\/aliancapelavida.com.br\/floripa"]}]}},"_links":{"self":[{"href":"https:\/\/aliancapelavida.com.br\/floripa\/wp-json\/wp\/v2\/posts\/322","targetHints":{"allow":["GET"]}}],"collection":[{"href":"https:\/\/aliancapelavida.com.br\/floripa\/wp-json\/wp\/v2\/posts"}],"about":[{"href":"https:\/\/aliancapelavida.com.br\/floripa\/wp-json\/wp\/v2\/types\/post"}],"author":[{"embeddable":true,"href":"https:\/\/aliancapelavida.com.br\/floripa\/wp-json\/wp\/v2\/users\/1"}],"replies":[{"embeddable":true,"href":"https:\/\/aliancapelavida.com.br\/floripa\/wp-json\/wp\/v2\/comments?post=322"}],"version-history":[{"count":7,"href":"https:\/\/aliancapelavida.com.br\/floripa\/wp-json\/wp\/v2\/posts\/322\/revisions"}],"predecessor-version":[{"id":544,"href":"https:\/\/aliancapelavida.com.br\/floripa\/wp-json\/wp\/v2\/posts\/322\/revisions\/544"}],"wp:featuredmedia":[{"embeddable":true,"href":"https:\/\/aliancapelavida.com.br\/floripa\/wp-json\/wp\/v2\/media\/332"}],"wp:attachment":[{"href":"https:\/\/aliancapelavida.com.br\/floripa\/wp-json\/wp\/v2\/media?parent=322"}],"wp:term":[{"taxonomy":"category","embeddable":true,"href":"https:\/\/aliancapelavida.com.br\/floripa\/wp-json\/wp\/v2\/categories?post=322"},{"taxonomy":"post_tag","embeddable":true,"href":"https:\/\/aliancapelavida.com.br\/floripa\/wp-json\/wp\/v2\/tags?post=322"}],"curies":[{"name":"wp","href":"https:\/\/api.w.org\/{rel}","templated":true}]}}