{"id":225,"date":"2021-03-31T14:24:52","date_gmt":"2021-03-31T14:24:52","guid":{"rendered":"https:\/\/aliancapelavida.com.br\/floripa\/?p=225"},"modified":"2021-04-13T22:36:19","modified_gmt":"2021-04-13T22:36:19","slug":"15-mil-pacientes-ja-foram-atendidos-por-projeto-medico-contra-a-covid-19-na-grande-florianopolis","status":"publish","type":"post","link":"https:\/\/aliancapelavida.com.br\/floripa\/2021\/03\/31\/15-mil-pacientes-ja-foram-atendidos-por-projeto-medico-contra-a-covid-19-na-grande-florianopolis\/","title":{"rendered":"1,5 mil pacientes j\u00e1 foram atendidos por projeto m\u00e9dico contra a covid-19 na Grande Florian\u00f3polis"},"content":{"rendered":"\t\t<div data-elementor-type=\"wp-post\" data-elementor-id=\"225\" class=\"elementor elementor-225\">\n\t\t\t\t\t\t<section class=\"elementor-section elementor-top-section elementor-element elementor-element-4fb14edb elementor-section-boxed elementor-section-height-default elementor-section-height-default\" data-id=\"4fb14edb\" data-element_type=\"section\">\n\t\t\t\t\t\t<div class=\"elementor-container elementor-column-gap-default\">\n\t\t\t\t\t<div class=\"elementor-column elementor-col-100 elementor-top-column elementor-element elementor-element-2a5ae8fa\" data-id=\"2a5ae8fa\" data-element_type=\"column\">\n\t\t\t<div class=\"elementor-widget-wrap elementor-element-populated\">\n\t\t\t\t\t\t<div class=\"elementor-element elementor-element-599038c elementor-widget elementor-widget-text-editor\" data-id=\"599038c\" data-element_type=\"widget\" data-widget_type=\"text-editor.default\">\n\t\t\t\t<div class=\"elementor-widget-container\">\n\t\t\t\t\t\t\t\t\t<p><\/p>\n<div class=\"wp-block-image\">\n<figure class=\"aligncenter size-large is-resized\"><img fetchpriority=\"high\" decoding=\"async\" class=\"wp-image-226\" src=\"https:\/\/aliancapelavida.com.br\/floripa\/wp-content\/uploads\/2021\/04\/alianca-pela-vida-atendimentos.jpg\" alt=\"\" width=\"1056\" height=\"792\" srcset=\"https:\/\/aliancapelavida.com.br\/floripa\/wp-content\/uploads\/2021\/04\/alianca-pela-vida-atendimentos.jpg 764w, https:\/\/aliancapelavida.com.br\/floripa\/wp-content\/uploads\/2021\/04\/alianca-pela-vida-atendimentos-300x225.jpg 300w\" sizes=\"(max-width: 1056px) 100vw, 1056px\" \/>\n<p>\u00a0<\/p>\n<figcaption>Fonte: Jornal Conex\u00e3o Comunidade \u2013 31.03<\/figcaption>\n<\/figure>\n<\/div>\n<p><\/p>\n<p><\/p>\n<p>J\u00e1 s\u00e3o mais de 1,5 mil pacientes de covid-19 atendidos gratuitamente, desde o \u00faltimo domingo (21), pela Alian\u00e7a Pela Vida, uma for\u00e7a-tarefa que une diversas associa\u00e7\u00f5es empresariais de Florian\u00f3polis. A ideia \u00e9 um suporte adicional para evitar que os pacientes fiquem sem assist\u00eancia m\u00e9dica, enquanto as unidades p\u00fablicas e privadas est\u00e3o sobrecarregadas de pacientes com coronav\u00edrus (covid-19). O contato \u00e9 dispon\u00edvel pelo telefone 0800 402 0000 e a iniciativa contempla Florian\u00f3polis, S\u00e3o Jos\u00e9, Palho\u00e7a e Bigua\u00e7u, nos moldes de atendimento domiciliar e de telemedicina.<\/p>\n<p><\/p>\n<p><\/p>\n<p>O Laborat\u00f3rio Santa Luzia, que integra o programa, doou 5,9 mil exames \u00e0 a\u00e7\u00e3o, essenciais para o diagn\u00f3stico e tratamento. Ser\u00e3o realizados Ant\u00edgeno (Covid), Prote\u00edna C Reativa, Hemograma, D\u00edmero D e Creatinina. Todos os pacientes ter\u00e3o seus exames para diagn\u00f3stico e acompanhamento do estado de sa\u00fade. A previs\u00e3o inicial \u00e9 de uma opera\u00e7\u00e3o de 30 dias, com contrato junto \u00e0 empresa HELP Emerg\u00eancias M\u00e9dicas.<\/p>\n<p><\/p>\n<p><\/p>\n<p>As entidades organizam as doa\u00e7\u00f5es, que j\u00e1 ultrapassaram os R$ 3,5 milh\u00f5es. O foco \u00e9 desafogar o atendimento presencial \u00e0s unidades de sa\u00fade e fazer o poss\u00edvel para que os pacientes possam ser atendidos sem colapsar os sistemas p\u00fablicos e privados.<\/p>\n<p><\/p>\t\t\t\t\t\t\t\t<\/div>\n\t\t\t\t<\/div>\n\t\t\t\t\t<\/div>\n\t\t<\/div>\n\t\t\t\t\t<\/div>\n\t\t<\/section>\n\t\t\t\t<\/div>\n\t\t","protected":false},"excerpt":{"rendered":"<p>J\u00e1 s\u00e3o mais de 1,5 mil pacientes de covid-19 atendidos gratuitamente, desde o \u00faltimo domingo (21), pela Alian\u00e7a Pela Vida, uma for\u00e7a-tarefa que une diversas associa\u00e7\u00f5es empresariais de Florian\u00f3polis. A ideia \u00e9 um suporte adicional para evitar que os pacientes fiquem sem assist\u00eancia m\u00e9dica, enquanto as unidades p\u00fablicas e privadas est\u00e3o sobrecarregadas de pacientes com &hellip;<\/p>\n<p class=\"read-more\"> <a class=\"\" href=\"https:\/\/aliancapelavida.com.br\/floripa\/2021\/03\/31\/15-mil-pacientes-ja-foram-atendidos-por-projeto-medico-contra-a-covid-19-na-grande-florianopolis\/\"> <span class=\"screen-reader-text\">1,5 mil pacientes j\u00e1 foram atendidos por projeto m\u00e9dico contra a covid-19 na Grande Florian\u00f3polis<\/span> Leia mais &raquo;<\/a><\/p>\n","protected":false},"author":1,"featured_media":226,"comment_status":"open","ping_status":"open","sticky":false,"template":"elementor_canvas","format":"standard","meta":{"footnotes":""},"categories":[6],"tags":[4,5],"class_list":["post-225","post","type-post","status-publish","format-standard","has-post-thumbnail","hentry","category-noticias-alianca-pela-vida","tag-aliaca","tag-alianca-pela-vida"],"yoast_head":"<!-- This site is optimized with the Yoast SEO plugin v27.2 - https:\/\/yoast.com\/product\/yoast-seo-wordpress\/ -->\n<title>1,5 mil pacientes j\u00e1 foram atendidos por projeto m\u00e9dico contra a covid-19 na Grande Florian\u00f3polis &#8226; Alian\u00e7a pela Vida<\/title>\n<meta name=\"robots\" content=\"index, follow, max-snippet:-1, max-image-preview:large, max-video-preview:-1\" \/>\n<link rel=\"canonical\" href=\"https:\/\/aliancapelavida.com.br\/floripa\/2021\/03\/31\/15-mil-pacientes-ja-foram-atendidos-por-projeto-medico-contra-a-covid-19-na-grande-florianopolis\/\" \/>\n<meta property=\"og:locale\" content=\"pt_BR\" \/>\n<meta property=\"og:type\" content=\"article\" \/>\n<meta property=\"og:title\" content=\"1,5 mil pacientes j\u00e1 foram atendidos por projeto m\u00e9dico contra a covid-19 na Grande Florian\u00f3polis &#8226; Alian\u00e7a pela Vida\" \/>\n<meta property=\"og:description\" content=\"J\u00e1 s\u00e3o mais de 1,5 mil pacientes de covid-19 atendidos gratuitamente, desde o \u00faltimo domingo (21), pela Alian\u00e7a Pela Vida, uma for\u00e7a-tarefa que une diversas associa\u00e7\u00f5es empresariais de Florian\u00f3polis. A ideia \u00e9 um suporte adicional para evitar que os pacientes fiquem sem assist\u00eancia m\u00e9dica, enquanto as unidades p\u00fablicas e privadas est\u00e3o sobrecarregadas de pacientes com &hellip; 1,5 mil pacientes j\u00e1 foram atendidos por projeto m\u00e9dico contra a covid-19 na Grande Florian\u00f3polis Leia mais &raquo;\" \/>\n<meta property=\"og:url\" content=\"https:\/\/aliancapelavida.com.br\/floripa\/2021\/03\/31\/15-mil-pacientes-ja-foram-atendidos-por-projeto-medico-contra-a-covid-19-na-grande-florianopolis\/\" \/>\n<meta property=\"og:site_name\" content=\"Alian\u00e7a pela Vida\" \/>\n<meta property=\"article:published_time\" content=\"2021-03-31T14:24:52+00:00\" \/>\n<meta property=\"article:modified_time\" content=\"2021-04-13T22:36:19+00:00\" \/>\n<meta property=\"og:image\" content=\"https:\/\/aliancapelavida.com.br\/floripa\/wp-content\/uploads\/2021\/04\/alianca-pela-vida-atendimentos.jpg\" \/>\n\t<meta property=\"og:image:width\" content=\"764\" \/>\n\t<meta property=\"og:image:height\" content=\"573\" \/>\n\t<meta property=\"og:image:type\" content=\"image\/jpeg\" \/>\n<meta name=\"author\" content=\"lucas.d@acif.org.br\" \/>\n<meta name=\"twitter:card\" content=\"summary_large_image\" \/>\n<meta name=\"twitter:label1\" content=\"Escrito por\" \/>\n\t<meta name=\"twitter:data1\" content=\"lucas.d@acif.org.br\" \/>\n\t<meta name=\"twitter:label2\" content=\"Est. tempo de leitura\" \/>\n\t<meta name=\"twitter:data2\" content=\"1 minuto\" \/>\n<script type=\"application\/ld+json\" class=\"yoast-schema-graph\">{\"@context\":\"https:\/\/schema.org\",\"@graph\":[{\"@type\":\"Article\",\"@id\":\"https:\/\/aliancapelavida.com.br\/floripa\/2021\/03\/31\/15-mil-pacientes-ja-foram-atendidos-por-projeto-medico-contra-a-covid-19-na-grande-florianopolis\/#article\",\"isPartOf\":{\"@id\":\"https:\/\/aliancapelavida.com.br\/floripa\/2021\/03\/31\/15-mil-pacientes-ja-foram-atendidos-por-projeto-medico-contra-a-covid-19-na-grande-florianopolis\/\"},\"author\":{\"name\":\"lucas.d@acif.org.br\",\"@id\":\"https:\/\/aliancapelavida.com.br\/floripa\/#\/schema\/person\/4e00d8650ea4ec998a3c004c2b1154a0\"},\"headline\":\"1,5 mil pacientes j\u00e1 foram atendidos por projeto m\u00e9dico contra a covid-19 na Grande Florian\u00f3polis\",\"datePublished\":\"2021-03-31T14:24:52+00:00\",\"dateModified\":\"2021-04-13T22:36:19+00:00\",\"mainEntityOfPage\":{\"@id\":\"https:\/\/aliancapelavida.com.br\/floripa\/2021\/03\/31\/15-mil-pacientes-ja-foram-atendidos-por-projeto-medico-contra-a-covid-19-na-grande-florianopolis\/\"},\"wordCount\":230,\"commentCount\":0,\"publisher\":{\"@id\":\"https:\/\/aliancapelavida.com.br\/floripa\/#organization\"},\"image\":{\"@id\":\"https:\/\/aliancapelavida.com.br\/floripa\/2021\/03\/31\/15-mil-pacientes-ja-foram-atendidos-por-projeto-medico-contra-a-covid-19-na-grande-florianopolis\/#primaryimage\"},\"thumbnailUrl\":\"https:\/\/aliancapelavida.com.br\/floripa\/wp-content\/uploads\/2021\/04\/alianca-pela-vida-atendimentos.jpg\",\"keywords\":[\"alia\u00e7a\",\"alian\u00e7a pela vida\"],\"articleSection\":[\"Not\u00edcias Alian\u00e7a Pela Vida\"],\"inLanguage\":\"pt-BR\",\"potentialAction\":[{\"@type\":\"CommentAction\",\"name\":\"Comment\",\"target\":[\"https:\/\/aliancapelavida.com.br\/floripa\/2021\/03\/31\/15-mil-pacientes-ja-foram-atendidos-por-projeto-medico-contra-a-covid-19-na-grande-florianopolis\/#respond\"]}]},{\"@type\":\"WebPage\",\"@id\":\"https:\/\/aliancapelavida.com.br\/floripa\/2021\/03\/31\/15-mil-pacientes-ja-foram-atendidos-por-projeto-medico-contra-a-covid-19-na-grande-florianopolis\/\",\"url\":\"https:\/\/aliancapelavida.com.br\/floripa\/2021\/03\/31\/15-mil-pacientes-ja-foram-atendidos-por-projeto-medico-contra-a-covid-19-na-grande-florianopolis\/\",\"name\":\"1,5 mil pacientes j\u00e1 foram atendidos por projeto m\u00e9dico contra a covid-19 na Grande Florian\u00f3polis &#8226; Alian\u00e7a pela Vida\",\"isPartOf\":{\"@id\":\"https:\/\/aliancapelavida.com.br\/floripa\/#website\"},\"primaryImageOfPage\":{\"@id\":\"https:\/\/aliancapelavida.com.br\/floripa\/2021\/03\/31\/15-mil-pacientes-ja-foram-atendidos-por-projeto-medico-contra-a-covid-19-na-grande-florianopolis\/#primaryimage\"},\"image\":{\"@id\":\"https:\/\/aliancapelavida.com.br\/floripa\/2021\/03\/31\/15-mil-pacientes-ja-foram-atendidos-por-projeto-medico-contra-a-covid-19-na-grande-florianopolis\/#primaryimage\"},\"thumbnailUrl\":\"https:\/\/aliancapelavida.com.br\/floripa\/wp-content\/uploads\/2021\/04\/alianca-pela-vida-atendimentos.jpg\",\"datePublished\":\"2021-03-31T14:24:52+00:00\",\"dateModified\":\"2021-04-13T22:36:19+00:00\",\"breadcrumb\":{\"@id\":\"https:\/\/aliancapelavida.com.br\/floripa\/2021\/03\/31\/15-mil-pacientes-ja-foram-atendidos-por-projeto-medico-contra-a-covid-19-na-grande-florianopolis\/#breadcrumb\"},\"inLanguage\":\"pt-BR\",\"potentialAction\":[{\"@type\":\"ReadAction\",\"target\":[\"https:\/\/aliancapelavida.com.br\/floripa\/2021\/03\/31\/15-mil-pacientes-ja-foram-atendidos-por-projeto-medico-contra-a-covid-19-na-grande-florianopolis\/\"]}]},{\"@type\":\"ImageObject\",\"inLanguage\":\"pt-BR\",\"@id\":\"https:\/\/aliancapelavida.com.br\/floripa\/2021\/03\/31\/15-mil-pacientes-ja-foram-atendidos-por-projeto-medico-contra-a-covid-19-na-grande-florianopolis\/#primaryimage\",\"url\":\"https:\/\/aliancapelavida.com.br\/floripa\/wp-content\/uploads\/2021\/04\/alianca-pela-vida-atendimentos.jpg\",\"contentUrl\":\"https:\/\/aliancapelavida.com.br\/floripa\/wp-content\/uploads\/2021\/04\/alianca-pela-vida-atendimentos.jpg\",\"width\":764,\"height\":573},{\"@type\":\"BreadcrumbList\",\"@id\":\"https:\/\/aliancapelavida.com.br\/floripa\/2021\/03\/31\/15-mil-pacientes-ja-foram-atendidos-por-projeto-medico-contra-a-covid-19-na-grande-florianopolis\/#breadcrumb\",\"itemListElement\":[{\"@type\":\"ListItem\",\"position\":1,\"name\":\"In\u00edcio\",\"item\":\"https:\/\/aliancapelavida.com.br\/floripa\/\"},{\"@type\":\"ListItem\",\"position\":2,\"name\":\"1,5 mil pacientes j\u00e1 foram atendidos por projeto m\u00e9dico contra a covid-19 na Grande Florian\u00f3polis\"}]},{\"@type\":\"WebSite\",\"@id\":\"https:\/\/aliancapelavida.com.br\/floripa\/#website\",\"url\":\"https:\/\/aliancapelavida.com.br\/floripa\/\",\"name\":\"Alian\u00e7a pela Vida\",\"description\":\"Empres&aacute;rios e entidades formam uma alian&ccedil;a pela vida e sa&uacute;de de Florian&oacute;polis.\",\"publisher\":{\"@id\":\"https:\/\/aliancapelavida.com.br\/floripa\/#organization\"},\"potentialAction\":[{\"@type\":\"SearchAction\",\"target\":{\"@type\":\"EntryPoint\",\"urlTemplate\":\"https:\/\/aliancapelavida.com.br\/floripa\/?s={search_term_string}\"},\"query-input\":{\"@type\":\"PropertyValueSpecification\",\"valueRequired\":true,\"valueName\":\"search_term_string\"}}],\"inLanguage\":\"pt-BR\"},{\"@type\":\"Organization\",\"@id\":\"https:\/\/aliancapelavida.com.br\/floripa\/#organization\",\"name\":\"Alian\u00e7a pela Vida\",\"url\":\"https:\/\/aliancapelavida.com.br\/floripa\/\",\"logo\":{\"@type\":\"ImageObject\",\"inLanguage\":\"pt-BR\",\"@id\":\"https:\/\/aliancapelavida.com.br\/floripa\/#\/schema\/logo\/image\/\",\"url\":\"https:\/\/aliancapelavida.com.br\/floripa\/wp-content\/uploads\/2021\/04\/cropped-icone-alianca-pela-vida.png\",\"contentUrl\":\"https:\/\/aliancapelavida.com.br\/floripa\/wp-content\/uploads\/2021\/04\/cropped-icone-alianca-pela-vida.png\",\"width\":512,\"height\":512,\"caption\":\"Alian\u00e7a pela Vida\"},\"image\":{\"@id\":\"https:\/\/aliancapelavida.com.br\/floripa\/#\/schema\/logo\/image\/\"}},{\"@type\":\"Person\",\"@id\":\"https:\/\/aliancapelavida.com.br\/floripa\/#\/schema\/person\/4e00d8650ea4ec998a3c004c2b1154a0\",\"name\":\"lucas.d@acif.org.br\",\"image\":{\"@type\":\"ImageObject\",\"inLanguage\":\"pt-BR\",\"@id\":\"https:\/\/secure.gravatar.com\/avatar\/d49874567149003eef7bf04e691f92017566c9d0619fdaa2beb97c1b98f3252c?s=96&d=mm&r=g\",\"url\":\"https:\/\/secure.gravatar.com\/avatar\/d49874567149003eef7bf04e691f92017566c9d0619fdaa2beb97c1b98f3252c?s=96&d=mm&r=g\",\"contentUrl\":\"https:\/\/secure.gravatar.com\/avatar\/d49874567149003eef7bf04e691f92017566c9d0619fdaa2beb97c1b98f3252c?s=96&d=mm&r=g\",\"caption\":\"lucas.d@acif.org.br\"},\"sameAs\":[\"https:\/\/aliancapelavida.com.br\/floripa\"]}]}<\/script>\n<!-- \/ Yoast SEO plugin. -->","yoast_head_json":{"title":"1,5 mil pacientes j\u00e1 foram atendidos por projeto m\u00e9dico contra a covid-19 na Grande Florian\u00f3polis &#8226; Alian\u00e7a pela Vida","robots":{"index":"index","follow":"follow","max-snippet":"max-snippet:-1","max-image-preview":"max-image-preview:large","max-video-preview":"max-video-preview:-1"},"canonical":"https:\/\/aliancapelavida.com.br\/floripa\/2021\/03\/31\/15-mil-pacientes-ja-foram-atendidos-por-projeto-medico-contra-a-covid-19-na-grande-florianopolis\/","og_locale":"pt_BR","og_type":"article","og_title":"1,5 mil pacientes j\u00e1 foram atendidos por projeto m\u00e9dico contra a covid-19 na Grande Florian\u00f3polis &#8226; Alian\u00e7a pela Vida","og_description":"J\u00e1 s\u00e3o mais de 1,5 mil pacientes de covid-19 atendidos gratuitamente, desde o \u00faltimo domingo (21), pela Alian\u00e7a Pela Vida, uma for\u00e7a-tarefa que une diversas associa\u00e7\u00f5es empresariais de Florian\u00f3polis. A ideia \u00e9 um suporte adicional para evitar que os pacientes fiquem sem assist\u00eancia m\u00e9dica, enquanto as unidades p\u00fablicas e privadas est\u00e3o sobrecarregadas de pacientes com &hellip; 1,5 mil pacientes j\u00e1 foram atendidos por projeto m\u00e9dico contra a covid-19 na Grande Florian\u00f3polis Leia mais &raquo;","og_url":"https:\/\/aliancapelavida.com.br\/floripa\/2021\/03\/31\/15-mil-pacientes-ja-foram-atendidos-por-projeto-medico-contra-a-covid-19-na-grande-florianopolis\/","og_site_name":"Alian\u00e7a pela Vida","article_published_time":"2021-03-31T14:24:52+00:00","article_modified_time":"2021-04-13T22:36:19+00:00","og_image":[{"width":764,"height":573,"url":"https:\/\/aliancapelavida.com.br\/floripa\/wp-content\/uploads\/2021\/04\/alianca-pela-vida-atendimentos.jpg","type":"image\/jpeg"}],"author":"lucas.d@acif.org.br","twitter_card":"summary_large_image","twitter_misc":{"Escrito por":"lucas.d@acif.org.br","Est. tempo de leitura":"1 minuto"},"schema":{"@context":"https:\/\/schema.org","@graph":[{"@type":"Article","@id":"https:\/\/aliancapelavida.com.br\/floripa\/2021\/03\/31\/15-mil-pacientes-ja-foram-atendidos-por-projeto-medico-contra-a-covid-19-na-grande-florianopolis\/#article","isPartOf":{"@id":"https:\/\/aliancapelavida.com.br\/floripa\/2021\/03\/31\/15-mil-pacientes-ja-foram-atendidos-por-projeto-medico-contra-a-covid-19-na-grande-florianopolis\/"},"author":{"name":"lucas.d@acif.org.br","@id":"https:\/\/aliancapelavida.com.br\/floripa\/#\/schema\/person\/4e00d8650ea4ec998a3c004c2b1154a0"},"headline":"1,5 mil pacientes j\u00e1 foram atendidos por projeto m\u00e9dico contra a covid-19 na Grande Florian\u00f3polis","datePublished":"2021-03-31T14:24:52+00:00","dateModified":"2021-04-13T22:36:19+00:00","mainEntityOfPage":{"@id":"https:\/\/aliancapelavida.com.br\/floripa\/2021\/03\/31\/15-mil-pacientes-ja-foram-atendidos-por-projeto-medico-contra-a-covid-19-na-grande-florianopolis\/"},"wordCount":230,"commentCount":0,"publisher":{"@id":"https:\/\/aliancapelavida.com.br\/floripa\/#organization"},"image":{"@id":"https:\/\/aliancapelavida.com.br\/floripa\/2021\/03\/31\/15-mil-pacientes-ja-foram-atendidos-por-projeto-medico-contra-a-covid-19-na-grande-florianopolis\/#primaryimage"},"thumbnailUrl":"https:\/\/aliancapelavida.com.br\/floripa\/wp-content\/uploads\/2021\/04\/alianca-pela-vida-atendimentos.jpg","keywords":["alia\u00e7a","alian\u00e7a pela vida"],"articleSection":["Not\u00edcias Alian\u00e7a Pela Vida"],"inLanguage":"pt-BR","potentialAction":[{"@type":"CommentAction","name":"Comment","target":["https:\/\/aliancapelavida.com.br\/floripa\/2021\/03\/31\/15-mil-pacientes-ja-foram-atendidos-por-projeto-medico-contra-a-covid-19-na-grande-florianopolis\/#respond"]}]},{"@type":"WebPage","@id":"https:\/\/aliancapelavida.com.br\/floripa\/2021\/03\/31\/15-mil-pacientes-ja-foram-atendidos-por-projeto-medico-contra-a-covid-19-na-grande-florianopolis\/","url":"https:\/\/aliancapelavida.com.br\/floripa\/2021\/03\/31\/15-mil-pacientes-ja-foram-atendidos-por-projeto-medico-contra-a-covid-19-na-grande-florianopolis\/","name":"1,5 mil pacientes j\u00e1 foram atendidos por projeto m\u00e9dico contra a covid-19 na Grande Florian\u00f3polis &#8226; Alian\u00e7a pela Vida","isPartOf":{"@id":"https:\/\/aliancapelavida.com.br\/floripa\/#website"},"primaryImageOfPage":{"@id":"https:\/\/aliancapelavida.com.br\/floripa\/2021\/03\/31\/15-mil-pacientes-ja-foram-atendidos-por-projeto-medico-contra-a-covid-19-na-grande-florianopolis\/#primaryimage"},"image":{"@id":"https:\/\/aliancapelavida.com.br\/floripa\/2021\/03\/31\/15-mil-pacientes-ja-foram-atendidos-por-projeto-medico-contra-a-covid-19-na-grande-florianopolis\/#primaryimage"},"thumbnailUrl":"https:\/\/aliancapelavida.com.br\/floripa\/wp-content\/uploads\/2021\/04\/alianca-pela-vida-atendimentos.jpg","datePublished":"2021-03-31T14:24:52+00:00","dateModified":"2021-04-13T22:36:19+00:00","breadcrumb":{"@id":"https:\/\/aliancapelavida.com.br\/floripa\/2021\/03\/31\/15-mil-pacientes-ja-foram-atendidos-por-projeto-medico-contra-a-covid-19-na-grande-florianopolis\/#breadcrumb"},"inLanguage":"pt-BR","potentialAction":[{"@type":"ReadAction","target":["https:\/\/aliancapelavida.com.br\/floripa\/2021\/03\/31\/15-mil-pacientes-ja-foram-atendidos-por-projeto-medico-contra-a-covid-19-na-grande-florianopolis\/"]}]},{"@type":"ImageObject","inLanguage":"pt-BR","@id":"https:\/\/aliancapelavida.com.br\/floripa\/2021\/03\/31\/15-mil-pacientes-ja-foram-atendidos-por-projeto-medico-contra-a-covid-19-na-grande-florianopolis\/#primaryimage","url":"https:\/\/aliancapelavida.com.br\/floripa\/wp-content\/uploads\/2021\/04\/alianca-pela-vida-atendimentos.jpg","contentUrl":"https:\/\/aliancapelavida.com.br\/floripa\/wp-content\/uploads\/2021\/04\/alianca-pela-vida-atendimentos.jpg","width":764,"height":573},{"@type":"BreadcrumbList","@id":"https:\/\/aliancapelavida.com.br\/floripa\/2021\/03\/31\/15-mil-pacientes-ja-foram-atendidos-por-projeto-medico-contra-a-covid-19-na-grande-florianopolis\/#breadcrumb","itemListElement":[{"@type":"ListItem","position":1,"name":"In\u00edcio","item":"https:\/\/aliancapelavida.com.br\/floripa\/"},{"@type":"ListItem","position":2,"name":"1,5 mil pacientes j\u00e1 foram atendidos por projeto m\u00e9dico contra a covid-19 na Grande Florian\u00f3polis"}]},{"@type":"WebSite","@id":"https:\/\/aliancapelavida.com.br\/floripa\/#website","url":"https:\/\/aliancapelavida.com.br\/floripa\/","name":"Alian\u00e7a pela Vida","description":"Empres&aacute;rios e entidades formam uma alian&ccedil;a pela vida e sa&uacute;de de Florian&oacute;polis.","publisher":{"@id":"https:\/\/aliancapelavida.com.br\/floripa\/#organization"},"potentialAction":[{"@type":"SearchAction","target":{"@type":"EntryPoint","urlTemplate":"https:\/\/aliancapelavida.com.br\/floripa\/?s={search_term_string}"},"query-input":{"@type":"PropertyValueSpecification","valueRequired":true,"valueName":"search_term_string"}}],"inLanguage":"pt-BR"},{"@type":"Organization","@id":"https:\/\/aliancapelavida.com.br\/floripa\/#organization","name":"Alian\u00e7a pela Vida","url":"https:\/\/aliancapelavida.com.br\/floripa\/","logo":{"@type":"ImageObject","inLanguage":"pt-BR","@id":"https:\/\/aliancapelavida.com.br\/floripa\/#\/schema\/logo\/image\/","url":"https:\/\/aliancapelavida.com.br\/floripa\/wp-content\/uploads\/2021\/04\/cropped-icone-alianca-pela-vida.png","contentUrl":"https:\/\/aliancapelavida.com.br\/floripa\/wp-content\/uploads\/2021\/04\/cropped-icone-alianca-pela-vida.png","width":512,"height":512,"caption":"Alian\u00e7a pela Vida"},"image":{"@id":"https:\/\/aliancapelavida.com.br\/floripa\/#\/schema\/logo\/image\/"}},{"@type":"Person","@id":"https:\/\/aliancapelavida.com.br\/floripa\/#\/schema\/person\/4e00d8650ea4ec998a3c004c2b1154a0","name":"lucas.d@acif.org.br","image":{"@type":"ImageObject","inLanguage":"pt-BR","@id":"https:\/\/secure.gravatar.com\/avatar\/d49874567149003eef7bf04e691f92017566c9d0619fdaa2beb97c1b98f3252c?s=96&d=mm&r=g","url":"https:\/\/secure.gravatar.com\/avatar\/d49874567149003eef7bf04e691f92017566c9d0619fdaa2beb97c1b98f3252c?s=96&d=mm&r=g","contentUrl":"https:\/\/secure.gravatar.com\/avatar\/d49874567149003eef7bf04e691f92017566c9d0619fdaa2beb97c1b98f3252c?s=96&d=mm&r=g","caption":"lucas.d@acif.org.br"},"sameAs":["https:\/\/aliancapelavida.com.br\/floripa"]}]}},"_links":{"self":[{"href":"https:\/\/aliancapelavida.com.br\/floripa\/wp-json\/wp\/v2\/posts\/225","targetHints":{"allow":["GET"]}}],"collection":[{"href":"https:\/\/aliancapelavida.com.br\/floripa\/wp-json\/wp\/v2\/posts"}],"about":[{"href":"https:\/\/aliancapelavida.com.br\/floripa\/wp-json\/wp\/v2\/types\/post"}],"author":[{"embeddable":true,"href":"https:\/\/aliancapelavida.com.br\/floripa\/wp-json\/wp\/v2\/users\/1"}],"replies":[{"embeddable":true,"href":"https:\/\/aliancapelavida.com.br\/floripa\/wp-json\/wp\/v2\/comments?post=225"}],"version-history":[{"count":9,"href":"https:\/\/aliancapelavida.com.br\/floripa\/wp-json\/wp\/v2\/posts\/225\/revisions"}],"predecessor-version":[{"id":548,"href":"https:\/\/aliancapelavida.com.br\/floripa\/wp-json\/wp\/v2\/posts\/225\/revisions\/548"}],"wp:featuredmedia":[{"embeddable":true,"href":"https:\/\/aliancapelavida.com.br\/floripa\/wp-json\/wp\/v2\/media\/226"}],"wp:attachment":[{"href":"https:\/\/aliancapelavida.com.br\/floripa\/wp-json\/wp\/v2\/media?parent=225"}],"wp:term":[{"taxonomy":"category","embeddable":true,"href":"https:\/\/aliancapelavida.com.br\/floripa\/wp-json\/wp\/v2\/categories?post=225"},{"taxonomy":"post_tag","embeddable":true,"href":"https:\/\/aliancapelavida.com.br\/floripa\/wp-json\/wp\/v2\/tags?post=225"}],"curies":[{"name":"wp","href":"https:\/\/api.w.org\/{rel}","templated":true}]}}